
{"id":101,"date":"2017-02-14T14:54:06","date_gmt":"2017-02-14T13:54:06","guid":{"rendered":"http:\/\/dessusorav.cluster020.hosting.ovh.net\/site\/?p=101"},"modified":"2017-10-31T17:00:37","modified_gmt":"2017-10-31T16:00:37","slug":"complexe-geriatrique-st-joseph-aubenas-07","status":"publish","type":"post","link":"http:\/\/www.dessus.org\/site\/2017\/02\/14\/complexe-geriatrique-st-joseph-aubenas-07\/","title":{"rendered":"Complexe g\u00e9riatrique, Aubenas (07)"},"content":{"rendered":"<p><strong>Restructuration lourde du complexe g\u00e9riatrique Saint Joseph \u00e0 Aubenas<\/strong><\/p>\n<p style=\"text-align: justify;\">Le complexe g\u00e9riatrique ST-JOSEPH \/ ST REGIS \u00e0 Aubenas se d\u00e9veloppe sur 22 000 m\u00b2 et deux b\u00e2timents principaux \u00ab\u00a0historiques\u00a0\u00bb en pierre.<\/p>\n<p style=\"text-align: justify;\">Le seul chantier St-Joseph, avec 12 000 m\u00b2, plusieurs hectares de parc, 11 000 000 \u20ac de co\u00fbt de restructuration en site occup\u00e9 phas\u00e9 sur 4 ans, accueille 144 lits USLD et Alzheimer et de multiples services. Le nouvel \u00e9tablissement est remarquable par son niveau de prestations et une modernit\u00e9 respectant la grande valeur architecturale du site. La d\u00e9coration int\u00e9rieure magnifie la monumentalit\u00e9 b\u00e2tie pour cr\u00e9er des ambiances chaleureuses, raffin\u00e9es et spectaculaires.<\/p>\n<p style=\"text-align: justify;\">Ce chantier est caract\u00e9ristique des interventions de l\u2019agence en projets de restructuration hospitali\u00e8re dans des cadres b\u00e2tis contraignants mais remarquables.<\/p>\n<p><em>Montant op\u00e9ration :<\/em> 11 000 000 \u20ac HT<\/p>\n<p><em>Ma\u00eetre d\u2019ouvrage :<\/em> Congr\u00e9gation Saint Joseph (M. Blanco Directeur)<br \/>\n<em>Architectes co-mandataires :<\/em> Denis DESSUS et E. MONTEREMAL<br \/>\n<em>Equipe Ma\u00eetrise d&rsquo;\u0152uvre :<\/em> Structure : BE Chapuis \/ Fluides : Cabinet Coste<\/p>\n<p><em>Mission :<\/em> Base + EXE<br \/>\n<em>Surface :<\/em> 12 000 m\u00b2<br \/>\nLivraison 2008<\/p>\n<p style=\"text-align: justify;\"><img loading=\"lazy\" decoding=\"async\" class=\"wp-image-107 alignleft\" src=\"http:\/\/dessusorav.cluster020.hosting.ovh.net\/site\/wp-content\/uploads\/2017\/02\/DSC_0679.jpg\" width=\"800\" height=\"1203\" srcset=\"http:\/\/www.dessus.org\/site\/wp-content\/uploads\/2017\/02\/DSC_0679.jpg 2000w, http:\/\/www.dessus.org\/site\/wp-content\/uploads\/2017\/02\/DSC_0679-199x300.jpg 199w, http:\/\/www.dessus.org\/site\/wp-content\/uploads\/2017\/02\/DSC_0679-768x1155.jpg 768w, http:\/\/www.dessus.org\/site\/wp-content\/uploads\/2017\/02\/DSC_0679-681x1024.jpg 681w\" sizes=\"(max-width: 800px) 100vw, 800px\" \/><\/p>\n<p style=\"text-align: justify;\"><img loading=\"lazy\" decoding=\"async\" class=\"wp-image-108 alignleft\" src=\"http:\/\/dessusorav.cluster020.hosting.ovh.net\/site\/wp-content\/uploads\/2017\/02\/DSC_0681.jpg\" width=\"800\" height=\"1203\" srcset=\"http:\/\/www.dessus.org\/site\/wp-content\/uploads\/2017\/02\/DSC_0681.jpg 2000w, http:\/\/www.dessus.org\/site\/wp-content\/uploads\/2017\/02\/DSC_0681-199x300.jpg 199w, http:\/\/www.dessus.org\/site\/wp-content\/uploads\/2017\/02\/DSC_0681-768x1155.jpg 768w, http:\/\/www.dessus.org\/site\/wp-content\/uploads\/2017\/02\/DSC_0681-681x1024.jpg 681w\" sizes=\"(max-width: 800px) 100vw, 800px\" \/><\/p>\n<p style=\"text-align: justify;\"><img loading=\"lazy\" decoding=\"async\" class=\"wp-image-109 alignleft\" src=\"http:\/\/dessusorav.cluster020.hosting.ovh.net\/site\/wp-content\/uploads\/2017\/02\/DSC_0691.jpg\" width=\"800\" height=\"1203\" srcset=\"http:\/\/www.dessus.org\/site\/wp-content\/uploads\/2017\/02\/DSC_0691.jpg 2000w, http:\/\/www.dessus.org\/site\/wp-content\/uploads\/2017\/02\/DSC_0691-199x300.jpg 199w, http:\/\/www.dessus.org\/site\/wp-content\/uploads\/2017\/02\/DSC_0691-768x1155.jpg 768w, http:\/\/www.dessus.org\/site\/wp-content\/uploads\/2017\/02\/DSC_0691-681x1024.jpg 681w\" sizes=\"(max-width: 800px) 100vw, 800px\" \/><\/p>\n<p style=\"text-align: justify;\"><img loading=\"lazy\" decoding=\"async\" class=\" wp-image-106 alignleft\" src=\"http:\/\/dessusorav.cluster020.hosting.ovh.net\/site\/wp-content\/uploads\/2017\/02\/vue-g\u00dan\u00darale.jpg\" alt=\"\" width=\"800\" height=\"600\" srcset=\"http:\/\/www.dessus.org\/site\/wp-content\/uploads\/2017\/02\/vue-g\u00dan\u00darale.jpg 1024w, http:\/\/www.dessus.org\/site\/wp-content\/uploads\/2017\/02\/vue-g\u00dan\u00darale-300x225.jpg 300w, http:\/\/www.dessus.org\/site\/wp-content\/uploads\/2017\/02\/vue-g\u00dan\u00darale-768x576.jpg 768w\" sizes=\"(max-width: 800px) 100vw, 800px\" \/><\/p>\n<p style=\"text-align: justify;\"><img loading=\"lazy\" decoding=\"async\" class=\"wp-image-104 alignleft\" src=\"http:\/\/dessusorav.cluster020.hosting.ovh.net\/site\/wp-content\/uploads\/2017\/02\/PERS-ST-JO.jpg\" width=\"800\" height=\"554\" srcset=\"http:\/\/www.dessus.org\/site\/wp-content\/uploads\/2017\/02\/PERS-ST-JO.jpg 945w, http:\/\/www.dessus.org\/site\/wp-content\/uploads\/2017\/02\/PERS-ST-JO-300x208.jpg 300w, http:\/\/www.dessus.org\/site\/wp-content\/uploads\/2017\/02\/PERS-ST-JO-768x532.jpg 768w\" sizes=\"(max-width: 800px) 100vw, 800px\" \/><\/p>\n<p style=\"text-align: justify;\"><img loading=\"lazy\" decoding=\"async\" class=\"wp-image-105 alignleft\" src=\"http:\/\/dessusorav.cluster020.hosting.ovh.net\/site\/wp-content\/uploads\/2017\/02\/sam4.jpg\" width=\"800\" height=\"547\" srcset=\"http:\/\/www.dessus.org\/site\/wp-content\/uploads\/2017\/02\/sam4.jpg 1200w, http:\/\/www.dessus.org\/site\/wp-content\/uploads\/2017\/02\/sam4-300x205.jpg 300w, http:\/\/www.dessus.org\/site\/wp-content\/uploads\/2017\/02\/sam4-768x525.jpg 768w, http:\/\/www.dessus.org\/site\/wp-content\/uploads\/2017\/02\/sam4-1024x700.jpg 1024w\" sizes=\"(max-width: 800px) 100vw, 800px\" \/><\/p>\n","protected":false},"excerpt":{"rendered":"<p>Restructuration lourde du complexe g\u00e9riatrique Saint Joseph \u00e0 Aubenas Le complexe g\u00e9riatrique ST-JOSEPH \/ ST REGIS \u00e0 Aubenas se d\u00e9veloppe sur 22 000 m\u00b2 et deux b\u00e2timents principaux \u00ab\u00a0historiques\u00a0\u00bb en pierre. Le seul chantier St-Joseph, avec 12 000 m\u00b2, plusieurs hectares de parc, 11 000 000 \u20ac de co\u00fbt de restructuration en site occup\u00e9 phas\u00e9 [&hellip;]<\/p>\n","protected":false},"author":1,"featured_media":107,"comment_status":"closed","ping_status":"closed","sticky":false,"template":"","format":"standard","meta":{"footnotes":""},"categories":[5],"tags":[],"_links":{"self":[{"href":"http:\/\/www.dessus.org\/site\/wp-json\/wp\/v2\/posts\/101"}],"collection":[{"href":"http:\/\/www.dessus.org\/site\/wp-json\/wp\/v2\/posts"}],"about":[{"href":"http:\/\/www.dessus.org\/site\/wp-json\/wp\/v2\/types\/post"}],"author":[{"embeddable":true,"href":"http:\/\/www.dessus.org\/site\/wp-json\/wp\/v2\/users\/1"}],"replies":[{"embeddable":true,"href":"http:\/\/www.dessus.org\/site\/wp-json\/wp\/v2\/comments?post=101"}],"version-history":[{"count":8,"href":"http:\/\/www.dessus.org\/site\/wp-json\/wp\/v2\/posts\/101\/revisions"}],"predecessor-version":[{"id":1255,"href":"http:\/\/www.dessus.org\/site\/wp-json\/wp\/v2\/posts\/101\/revisions\/1255"}],"wp:featuredmedia":[{"embeddable":true,"href":"http:\/\/www.dessus.org\/site\/wp-json\/wp\/v2\/media\/107"}],"wp:attachment":[{"href":"http:\/\/www.dessus.org\/site\/wp-json\/wp\/v2\/media?parent=101"}],"wp:term":[{"taxonomy":"category","embeddable":true,"href":"http:\/\/www.dessus.org\/site\/wp-json\/wp\/v2\/categories?post=101"},{"taxonomy":"post_tag","embeddable":true,"href":"http:\/\/www.dessus.org\/site\/wp-json\/wp\/v2\/tags?post=101"}],"curies":[{"name":"wp","href":"https:\/\/api.w.org\/{rel}","templated":true}]}}