
{"id":1092,"date":"2017-10-19T09:41:28","date_gmt":"2017-10-19T07:41:28","guid":{"rendered":"http:\/\/www.dessus.org\/site\/?p=1092"},"modified":"2023-05-12T15:46:11","modified_gmt":"2023-05-12T13:46:11","slug":"cuisine-collective-beaurepaire-38","status":"publish","type":"post","link":"http:\/\/www.dessus.org\/site\/2017\/10\/19\/cuisine-collective-beaurepaire-38\/","title":{"rendered":"Cuisines mutualis\u00e9es, Beaurepaire \/ Voiron (38)"},"content":{"rendered":"<p><strong>Conception-r\u00e9alisation pour la mise en place de deux cuisines mutualis\u00e9es <\/strong><br \/>\n<strong>au coll\u00e8ge Jacques Brel \u00e0 Beaurepaire et au coll\u00e8ge La Garenne \u00e0 Voiron<\/strong><\/p>\n<p>Le projet consiste en la r\u00e9alisation de deux b\u00e2timents de conception similaire selon un proc\u00e9d\u00e9 constructif industriel<br \/>\npour de la liaison froide pour environ 3 800 repas par jour.<\/p>\n<p><em>Montant op\u00e9ration :<\/em> 5 700 000 \u20ac HT<\/p>\n<p><em>Ma\u00eetre d&rsquo;Ouvrage :<\/em> D\u00e9partement de l&rsquo;Is\u00e8re<br \/>\n<em>Mandataire groupement :<\/em> OBM CONSTRUCTION<br \/>\n<em>Architecte :<\/em> Denis DESSUS<\/p>\n<p><em>Surface :<\/em> 2 x 800 m\u00b2<br \/>\nConcours 2015 (projet non laur\u00e9at)<\/p>\n<p><img loading=\"lazy\" decoding=\"async\" class=\" wp-image-1099 alignleft\" src=\"http:\/\/www.dessus.org\/site\/wp-content\/uploads\/2017\/10\/VOIRON_Rendu-2-1024x576.jpg\" alt=\"\" width=\"801\" height=\"450\" srcset=\"http:\/\/www.dessus.org\/site\/wp-content\/uploads\/2017\/10\/VOIRON_Rendu-2-1024x576.jpg 1024w, http:\/\/www.dessus.org\/site\/wp-content\/uploads\/2017\/10\/VOIRON_Rendu-2-300x169.jpg 300w, http:\/\/www.dessus.org\/site\/wp-content\/uploads\/2017\/10\/VOIRON_Rendu-2-768x432.jpg 768w, http:\/\/www.dessus.org\/site\/wp-content\/uploads\/2017\/10\/VOIRON_Rendu-2.jpg 1134w\" sizes=\"(max-width: 801px) 100vw, 801px\" \/><\/p>\n<p><img loading=\"lazy\" decoding=\"async\" class=\" wp-image-1098 alignleft\" src=\"http:\/\/www.dessus.org\/site\/wp-content\/uploads\/2017\/10\/BEAUREPAIRE_Rendu-2-1024x759.jpg\" alt=\"\" width=\"800\" height=\"592\" srcset=\"http:\/\/www.dessus.org\/site\/wp-content\/uploads\/2017\/10\/BEAUREPAIRE_Rendu-2-1024x759.jpg 1024w, http:\/\/www.dessus.org\/site\/wp-content\/uploads\/2017\/10\/BEAUREPAIRE_Rendu-2-300x222.jpg 300w, http:\/\/www.dessus.org\/site\/wp-content\/uploads\/2017\/10\/BEAUREPAIRE_Rendu-2.jpg 1134w\" sizes=\"(max-width: 800px) 100vw, 800px\" \/><\/p>\n","protected":false},"excerpt":{"rendered":"<p>Conception-r\u00e9alisation pour la mise en place de deux cuisines mutualis\u00e9es au coll\u00e8ge Jacques Brel \u00e0 Beaurepaire et au coll\u00e8ge La Garenne \u00e0 Voiron Le projet consiste en la r\u00e9alisation de deux b\u00e2timents de conception similaire selon un proc\u00e9d\u00e9 constructif industriel pour de la liaison froide pour environ 3 800 repas par jour. Montant op\u00e9ration : [&hellip;]<\/p>\n","protected":false},"author":1,"featured_media":1098,"comment_status":"closed","ping_status":"closed","sticky":false,"template":"","format":"standard","meta":{"footnotes":""},"categories":[8],"tags":[],"_links":{"self":[{"href":"http:\/\/www.dessus.org\/site\/wp-json\/wp\/v2\/posts\/1092"}],"collection":[{"href":"http:\/\/www.dessus.org\/site\/wp-json\/wp\/v2\/posts"}],"about":[{"href":"http:\/\/www.dessus.org\/site\/wp-json\/wp\/v2\/types\/post"}],"author":[{"embeddable":true,"href":"http:\/\/www.dessus.org\/site\/wp-json\/wp\/v2\/users\/1"}],"replies":[{"embeddable":true,"href":"http:\/\/www.dessus.org\/site\/wp-json\/wp\/v2\/comments?post=1092"}],"version-history":[{"count":13,"href":"http:\/\/www.dessus.org\/site\/wp-json\/wp\/v2\/posts\/1092\/revisions"}],"predecessor-version":[{"id":1203,"href":"http:\/\/www.dessus.org\/site\/wp-json\/wp\/v2\/posts\/1092\/revisions\/1203"}],"wp:featuredmedia":[{"embeddable":true,"href":"http:\/\/www.dessus.org\/site\/wp-json\/wp\/v2\/media\/1098"}],"wp:attachment":[{"href":"http:\/\/www.dessus.org\/site\/wp-json\/wp\/v2\/media?parent=1092"}],"wp:term":[{"taxonomy":"category","embeddable":true,"href":"http:\/\/www.dessus.org\/site\/wp-json\/wp\/v2\/categories?post=1092"},{"taxonomy":"post_tag","embeddable":true,"href":"http:\/\/www.dessus.org\/site\/wp-json\/wp\/v2\/tags?post=1092"}],"curies":[{"name":"wp","href":"https:\/\/api.w.org\/{rel}","templated":true}]}}