
{"id":1150,"date":"2017-10-09T10:49:16","date_gmt":"2017-10-09T08:49:16","guid":{"rendered":"http:\/\/www.dessus.org\/site\/?p=1150"},"modified":"2017-10-31T12:06:39","modified_gmt":"2017-10-31T11:06:39","slug":"ehpad-eyrieux-38","status":"publish","type":"post","link":"http:\/\/www.dessus.org\/site\/2017\/10\/09\/ehpad-eyrieux-38\/","title":{"rendered":"EHPAD, Heyrieux (38)"},"content":{"rendered":"<p><strong>Construction d&rsquo;un EHPAD de 83 lits sur le territoire de la commune d&rsquo;Heyrieux<\/strong><\/p>\n<p><em>Montant op\u00e9ration :<\/em> 7 700 000 \u20ac HT<\/p>\n<p><em>Ma\u00eetre d&rsquo;Ouvrage :<\/em> Communaut\u00e9 de communes des Collines du Nord Dauphin\u00e9 \/ Sara<br \/>\n<em>Architecte mandataire \/ conception :<\/em> Denis Dessus &#8211;\u00a0<em>Architecte associ\u00e9 \/ chantier :<\/em> ARCANNE<\/p>\n<p><em>Mission :<\/em> Base<br \/>\n<em>Surface :<\/em> 3 700 m\u00b2<br \/>\nConcours en 2013 (projet non laur\u00e9at)<\/p>\n<p><img loading=\"lazy\" decoding=\"async\" class=\" wp-image-1156 alignleft\" src=\"http:\/\/www.dessus.org\/site\/wp-content\/uploads\/2017\/10\/PERS_EXTERIEURE-1024x512.jpg\" alt=\"\" width=\"800\" height=\"400\" srcset=\"http:\/\/www.dessus.org\/site\/wp-content\/uploads\/2017\/10\/PERS_EXTERIEURE-1024x512.jpg 1024w, http:\/\/www.dessus.org\/site\/wp-content\/uploads\/2017\/10\/PERS_EXTERIEURE-300x150.jpg 300w, http:\/\/www.dessus.org\/site\/wp-content\/uploads\/2017\/10\/PERS_EXTERIEURE-768x384.jpg 768w, http:\/\/www.dessus.org\/site\/wp-content\/uploads\/2017\/10\/PERS_EXTERIEURE.jpg 1134w\" sizes=\"(max-width: 800px) 100vw, 800px\" \/><\/p>\n<p><img loading=\"lazy\" decoding=\"async\" class=\" wp-image-1154 alignleft\" src=\"http:\/\/www.dessus.org\/site\/wp-content\/uploads\/2017\/10\/ENTREE-1024x592.jpg\" alt=\"\" width=\"800\" height=\"462\" srcset=\"http:\/\/www.dessus.org\/site\/wp-content\/uploads\/2017\/10\/ENTREE-1024x592.jpg 1024w, http:\/\/www.dessus.org\/site\/wp-content\/uploads\/2017\/10\/ENTREE-300x174.jpg 300w, http:\/\/www.dessus.org\/site\/wp-content\/uploads\/2017\/10\/ENTREE-768x444.jpg 768w, http:\/\/www.dessus.org\/site\/wp-content\/uploads\/2017\/10\/ENTREE.jpg 1134w\" sizes=\"(max-width: 800px) 100vw, 800px\" \/> <img loading=\"lazy\" decoding=\"async\" class=\" wp-image-1155 alignleft\" src=\"http:\/\/www.dessus.org\/site\/wp-content\/uploads\/2017\/10\/INTERIEURE-1024x783.jpg\" alt=\"\" width=\"800\" height=\"610\" srcset=\"http:\/\/www.dessus.org\/site\/wp-content\/uploads\/2017\/10\/INTERIEURE-300x229.jpg 300w, http:\/\/www.dessus.org\/site\/wp-content\/uploads\/2017\/10\/INTERIEURE-768x587.jpg 768w\" sizes=\"(max-width: 800px) 100vw, 800px\" \/><\/p>\n","protected":false},"excerpt":{"rendered":"<p>Construction d&rsquo;un EHPAD de 83 lits sur le territoire de la commune d&rsquo;Heyrieux Montant op\u00e9ration : 7 700 000 \u20ac HT Ma\u00eetre d&rsquo;Ouvrage : Communaut\u00e9 de communes des Collines du Nord Dauphin\u00e9 \/ Sara Architecte mandataire \/ conception : Denis Dessus &#8211;\u00a0Architecte associ\u00e9 \/ chantier : ARCANNE Mission : Base Surface : 3 700 m\u00b2 [&hellip;]<\/p>\n","protected":false},"author":1,"featured_media":1154,"comment_status":"closed","ping_status":"closed","sticky":false,"template":"","format":"standard","meta":{"footnotes":""},"categories":[5],"tags":[],"_links":{"self":[{"href":"http:\/\/www.dessus.org\/site\/wp-json\/wp\/v2\/posts\/1150"}],"collection":[{"href":"http:\/\/www.dessus.org\/site\/wp-json\/wp\/v2\/posts"}],"about":[{"href":"http:\/\/www.dessus.org\/site\/wp-json\/wp\/v2\/types\/post"}],"author":[{"embeddable":true,"href":"http:\/\/www.dessus.org\/site\/wp-json\/wp\/v2\/users\/1"}],"replies":[{"embeddable":true,"href":"http:\/\/www.dessus.org\/site\/wp-json\/wp\/v2\/comments?post=1150"}],"version-history":[{"count":5,"href":"http:\/\/www.dessus.org\/site\/wp-json\/wp\/v2\/posts\/1150\/revisions"}],"predecessor-version":[{"id":1211,"href":"http:\/\/www.dessus.org\/site\/wp-json\/wp\/v2\/posts\/1150\/revisions\/1211"}],"wp:featuredmedia":[{"embeddable":true,"href":"http:\/\/www.dessus.org\/site\/wp-json\/wp\/v2\/media\/1154"}],"wp:attachment":[{"href":"http:\/\/www.dessus.org\/site\/wp-json\/wp\/v2\/media?parent=1150"}],"wp:term":[{"taxonomy":"category","embeddable":true,"href":"http:\/\/www.dessus.org\/site\/wp-json\/wp\/v2\/categories?post=1150"},{"taxonomy":"post_tag","embeddable":true,"href":"http:\/\/www.dessus.org\/site\/wp-json\/wp\/v2\/tags?post=1150"}],"curies":[{"name":"wp","href":"https:\/\/api.w.org\/{rel}","templated":true}]}}