
{"id":128,"date":"2017-02-14T15:05:40","date_gmt":"2017-02-14T14:05:40","guid":{"rendered":"http:\/\/dessusorav.cluster020.hosting.ovh.net\/site\/?p=128"},"modified":"2017-10-30T15:03:46","modified_gmt":"2017-10-30T14:03:46","slug":"cuisine-centrale-hopital-les-vans-07","status":"publish","type":"post","link":"http:\/\/www.dessus.org\/site\/2017\/02\/14\/cuisine-centrale-hopital-les-vans-07\/","title":{"rendered":"Cuisine centrale, H\u00f4pital Les Vans (07)"},"content":{"rendered":"<p style=\"text-align: justify;\">2\u00e8me tranche de restructuration extension avec cr\u00e9ation d\u2019une cuisine centrale, de services g\u00e9n\u00e9raux et d\u2019h\u00e9bergement compl\u00e9mentaire.<\/p>\n<p style=\"text-align: justify;\">Ma\u00eetre d&rsquo;Ouvrage : H\u00f4pital<br \/>\nDenis DESSUS et G. FABRE, Architectes et concepteurs cuisine<\/p>\n<p style=\"text-align: justify;\"><img loading=\"lazy\" decoding=\"async\" class=\" wp-image-129 alignleft\" src=\"http:\/\/dessusorav.cluster020.hosting.ovh.net\/site\/wp-content\/uploads\/2017\/02\/cuis-les-vans-copie.jpg\" alt=\"\" width=\"801\" height=\"601\" srcset=\"http:\/\/www.dessus.org\/site\/wp-content\/uploads\/2017\/02\/cuis-les-vans-copie.jpg 850w, http:\/\/www.dessus.org\/site\/wp-content\/uploads\/2017\/02\/cuis-les-vans-copie-300x225.jpg 300w, http:\/\/www.dessus.org\/site\/wp-content\/uploads\/2017\/02\/cuis-les-vans-copie-768x576.jpg 768w\" sizes=\"(max-width: 801px) 100vw, 801px\" \/><\/p>\n<p style=\"text-align: justify;\"><img loading=\"lazy\" decoding=\"async\" class=\"wp-image-130 alignleft\" src=\"http:\/\/dessusorav.cluster020.hosting.ovh.net\/site\/wp-content\/uploads\/2017\/02\/cuis-les-vans.jpg\" width=\"801\" height=\"601\" srcset=\"http:\/\/www.dessus.org\/site\/wp-content\/uploads\/2017\/02\/cuis-les-vans.jpg 900w, http:\/\/www.dessus.org\/site\/wp-content\/uploads\/2017\/02\/cuis-les-vans-300x225.jpg 300w, http:\/\/www.dessus.org\/site\/wp-content\/uploads\/2017\/02\/cuis-les-vans-768x576.jpg 768w\" sizes=\"(max-width: 801px) 100vw, 801px\" \/><\/p>\n","protected":false},"excerpt":{"rendered":"<p>2\u00e8me tranche de restructuration extension avec cr\u00e9ation d\u2019une cuisine centrale, de services g\u00e9n\u00e9raux et d\u2019h\u00e9bergement compl\u00e9mentaire. Ma\u00eetre d&rsquo;Ouvrage : H\u00f4pital Denis DESSUS et G. FABRE, Architectes et concepteurs cuisine<\/p>\n","protected":false},"author":1,"featured_media":129,"comment_status":"closed","ping_status":"closed","sticky":false,"template":"","format":"standard","meta":{"footnotes":""},"categories":[8],"tags":[],"_links":{"self":[{"href":"http:\/\/www.dessus.org\/site\/wp-json\/wp\/v2\/posts\/128"}],"collection":[{"href":"http:\/\/www.dessus.org\/site\/wp-json\/wp\/v2\/posts"}],"about":[{"href":"http:\/\/www.dessus.org\/site\/wp-json\/wp\/v2\/types\/post"}],"author":[{"embeddable":true,"href":"http:\/\/www.dessus.org\/site\/wp-json\/wp\/v2\/users\/1"}],"replies":[{"embeddable":true,"href":"http:\/\/www.dessus.org\/site\/wp-json\/wp\/v2\/comments?post=128"}],"version-history":[{"count":5,"href":"http:\/\/www.dessus.org\/site\/wp-json\/wp\/v2\/posts\/128\/revisions"}],"predecessor-version":[{"id":1054,"href":"http:\/\/www.dessus.org\/site\/wp-json\/wp\/v2\/posts\/128\/revisions\/1054"}],"wp:featuredmedia":[{"embeddable":true,"href":"http:\/\/www.dessus.org\/site\/wp-json\/wp\/v2\/media\/129"}],"wp:attachment":[{"href":"http:\/\/www.dessus.org\/site\/wp-json\/wp\/v2\/media?parent=128"}],"wp:term":[{"taxonomy":"category","embeddable":true,"href":"http:\/\/www.dessus.org\/site\/wp-json\/wp\/v2\/categories?post=128"},{"taxonomy":"post_tag","embeddable":true,"href":"http:\/\/www.dessus.org\/site\/wp-json\/wp\/v2\/tags?post=128"}],"curies":[{"name":"wp","href":"https:\/\/api.w.org\/{rel}","templated":true}]}}