
{"id":133,"date":"2017-02-14T15:21:03","date_gmt":"2017-02-14T14:21:03","guid":{"rendered":"http:\/\/dessusorav.cluster020.hosting.ovh.net\/site\/?p=133"},"modified":"2017-10-31T16:56:58","modified_gmt":"2017-10-31T15:56:58","slug":"maison-de-retraite-bernadette-st-etienne-42","status":"publish","type":"post","link":"http:\/\/www.dessus.org\/site\/2017\/02\/14\/maison-de-retraite-bernadette-st-etienne-42\/","title":{"rendered":"Maison de retraite, St Etienne (42)"},"content":{"rendered":"<p><strong>Reconstruction totale en site occup\u00e9 de la maison de retraite \u00ab\u00a0Bernadette\u00a0\u00bb \u00e0 Saint Etienne<\/strong><\/p>\n<p style=\"text-align: justify;\">Cette op\u00e9ration est exceptionnelle par sa complexit\u00e9. Il s\u2019agit d\u2019une reconstruction compl\u00e8te, en site occup\u00e9, d\u2019un \u00e9tablissement situ\u00e9 sur un t\u00e9nement r\u00e9duit au coeur de Saint-Etienne, le long d\u2019un boulevard de fort traffic. Les 80 lits comprennent deux unit\u00e9s Alzheimer de plain pied (30 lits) et une Unit\u00e9 de Soins de Longue Dur\u00e9e de 50 lits. La construction a n\u00e9cessit\u00e9 plusieurs phases et r\u00e9ceptions interm\u00e9diaires. La ma\u00eetrise de la s\u00e9curit\u00e9 pendant toute la dur\u00e9e du chantier a \u00e9t\u00e9 une contrainte de base.<\/p>\n<p style=\"text-align: justify;\">Les nouveaux b\u00e2timents prot\u00e8gent les espaces int\u00e9rieurs : des jardins paysagers compl\u00e8tent les espaces construits. Construction durable, l\u2019\u00e9tablissement propose des mat\u00e9riaux nobles et chaleureux. L\u2019utilisation constante du bois (sans entretien, r\u00e9tifi\u00e9 et stratifi\u00e9 en ext\u00e9rieur) cr\u00e9e une unit\u00e9 chaleureuse. La richesse des espaces int\u00e9rieurs, avec de v\u00e9ritables balcons sur la ville qui transforment la turbulence urbaine en spectacle, alternant avec des \u00eelots de calme et de douceur est une caract\u00e9ristique de cette r\u00e9alisation termin\u00e9e en juin 2003.<\/p>\n<p><em>Montant op\u00e9ration :<\/em> 3 460 000 \u20ac HT<\/p>\n<p><em>Ma\u00eetrise d&rsquo;Ouvrage :<\/em> SA HLM Le Toit For\u00e9zien \/ Mutualit\u00e9 Fran\u00e7aise gestion<br \/>\n<em>Architecte mandataire :<\/em> Y. GROUSSON et J-L. MATHAIS &#8211; <em>Architecte associ\u00e9 \/ conception :<\/em> Denis DESSUS<\/p>\n<p><em>Mission :<\/em> Base + EXE<br \/>\n<em>Surface :<\/em> 3 500 m\u00b2<br \/>\nLivraison 2003<\/p>\n<p style=\"text-align: justify;\"><img loading=\"lazy\" decoding=\"async\" class=\" wp-image-135 alignleft\" src=\"http:\/\/dessusorav.cluster020.hosting.ovh.net\/site\/wp-content\/uploads\/2017\/02\/entr\u00dae.jpg\" alt=\"\" width=\"800\" height=\"600\" srcset=\"http:\/\/www.dessus.org\/site\/wp-content\/uploads\/2017\/02\/entr\u00dae.jpg 1476w, http:\/\/www.dessus.org\/site\/wp-content\/uploads\/2017\/02\/entr\u00dae-300x225.jpg 300w, http:\/\/www.dessus.org\/site\/wp-content\/uploads\/2017\/02\/entr\u00dae-768x576.jpg 768w, http:\/\/www.dessus.org\/site\/wp-content\/uploads\/2017\/02\/entr\u00dae-1024x768.jpg 1024w\" sizes=\"(max-width: 800px) 100vw, 800px\" \/><\/p>\n<p style=\"text-align: justify;\"><img loading=\"lazy\" decoding=\"async\" class=\" wp-image-137 alignleft\" src=\"http:\/\/dessusorav.cluster020.hosting.ovh.net\/site\/wp-content\/uploads\/2017\/02\/DSCN3898.jpg\" alt=\"\" width=\"800\" height=\"600\" srcset=\"http:\/\/www.dessus.org\/site\/wp-content\/uploads\/2017\/02\/DSCN3898.jpg 1600w, http:\/\/www.dessus.org\/site\/wp-content\/uploads\/2017\/02\/DSCN3898-300x225.jpg 300w, http:\/\/www.dessus.org\/site\/wp-content\/uploads\/2017\/02\/DSCN3898-768x576.jpg 768w, http:\/\/www.dessus.org\/site\/wp-content\/uploads\/2017\/02\/DSCN3898-1024x768.jpg 1024w\" sizes=\"(max-width: 800px) 100vw, 800px\" \/><\/p>\n<p style=\"text-align: justify;\"><img loading=\"lazy\" decoding=\"async\" class=\" wp-image-134 alignleft\" src=\"http:\/\/dessusorav.cluster020.hosting.ovh.net\/site\/wp-content\/uploads\/2017\/02\/DSCN3905.jpg\" alt=\"\" width=\"800\" height=\"600\" srcset=\"http:\/\/www.dessus.org\/site\/wp-content\/uploads\/2017\/02\/DSCN3905.jpg 1600w, http:\/\/www.dessus.org\/site\/wp-content\/uploads\/2017\/02\/DSCN3905-300x225.jpg 300w, http:\/\/www.dessus.org\/site\/wp-content\/uploads\/2017\/02\/DSCN3905-768x576.jpg 768w, http:\/\/www.dessus.org\/site\/wp-content\/uploads\/2017\/02\/DSCN3905-1024x768.jpg 1024w\" sizes=\"(max-width: 800px) 100vw, 800px\" \/><\/p>\n<p style=\"text-align: justify;\"><img loading=\"lazy\" decoding=\"async\" class=\" wp-image-139 alignleft\" src=\"http:\/\/dessusorav.cluster020.hosting.ovh.net\/site\/wp-content\/uploads\/2017\/02\/DSCN3904.jpg\" alt=\"\" width=\"800\" height=\"600\" srcset=\"http:\/\/www.dessus.org\/site\/wp-content\/uploads\/2017\/02\/DSCN3904.jpg 1600w, http:\/\/www.dessus.org\/site\/wp-content\/uploads\/2017\/02\/DSCN3904-300x225.jpg 300w, http:\/\/www.dessus.org\/site\/wp-content\/uploads\/2017\/02\/DSCN3904-768x576.jpg 768w, http:\/\/www.dessus.org\/site\/wp-content\/uploads\/2017\/02\/DSCN3904-1024x768.jpg 1024w\" sizes=\"(max-width: 800px) 100vw, 800px\" \/><\/p>\n<p style=\"text-align: justify;\"><img loading=\"lazy\" decoding=\"async\" class=\" wp-image-138 alignleft\" src=\"http:\/\/dessusorav.cluster020.hosting.ovh.net\/site\/wp-content\/uploads\/2017\/02\/DSCN3903.jpg\" alt=\"\" width=\"800\" height=\"600\" srcset=\"http:\/\/www.dessus.org\/site\/wp-content\/uploads\/2017\/02\/DSCN3903.jpg 1600w, http:\/\/www.dessus.org\/site\/wp-content\/uploads\/2017\/02\/DSCN3903-300x225.jpg 300w, http:\/\/www.dessus.org\/site\/wp-content\/uploads\/2017\/02\/DSCN3903-768x576.jpg 768w, http:\/\/www.dessus.org\/site\/wp-content\/uploads\/2017\/02\/DSCN3903-1024x768.jpg 1024w\" sizes=\"(max-width: 800px) 100vw, 800px\" \/><\/p>\n<p style=\"text-align: justify;\"><img loading=\"lazy\" decoding=\"async\" class=\" wp-image-136 alignleft\" src=\"http:\/\/dessusorav.cluster020.hosting.ovh.net\/site\/wp-content\/uploads\/2017\/02\/pignon.jpg\" alt=\"\" width=\"800\" height=\"600\" srcset=\"http:\/\/www.dessus.org\/site\/wp-content\/uploads\/2017\/02\/pignon.jpg 1600w, http:\/\/www.dessus.org\/site\/wp-content\/uploads\/2017\/02\/pignon-300x225.jpg 300w, http:\/\/www.dessus.org\/site\/wp-content\/uploads\/2017\/02\/pignon-768x576.jpg 768w, http:\/\/www.dessus.org\/site\/wp-content\/uploads\/2017\/02\/pignon-1024x768.jpg 1024w\" sizes=\"(max-width: 800px) 100vw, 800px\" \/><\/p>\n<p style=\"text-align: justify;\">\n","protected":false},"excerpt":{"rendered":"<p>Reconstruction totale en site occup\u00e9 de la maison de retraite \u00ab\u00a0Bernadette\u00a0\u00bb \u00e0 Saint Etienne Cette op\u00e9ration est exceptionnelle par sa complexit\u00e9. Il s\u2019agit d\u2019une reconstruction compl\u00e8te, en site occup\u00e9, d\u2019un \u00e9tablissement situ\u00e9 sur un t\u00e9nement r\u00e9duit au coeur de Saint-Etienne, le long d\u2019un boulevard de fort traffic. Les 80 lits comprennent deux unit\u00e9s Alzheimer de [&hellip;]<\/p>\n","protected":false},"author":1,"featured_media":135,"comment_status":"closed","ping_status":"closed","sticky":false,"template":"","format":"standard","meta":{"footnotes":""},"categories":[5],"tags":[],"_links":{"self":[{"href":"http:\/\/www.dessus.org\/site\/wp-json\/wp\/v2\/posts\/133"}],"collection":[{"href":"http:\/\/www.dessus.org\/site\/wp-json\/wp\/v2\/posts"}],"about":[{"href":"http:\/\/www.dessus.org\/site\/wp-json\/wp\/v2\/types\/post"}],"author":[{"embeddable":true,"href":"http:\/\/www.dessus.org\/site\/wp-json\/wp\/v2\/users\/1"}],"replies":[{"embeddable":true,"href":"http:\/\/www.dessus.org\/site\/wp-json\/wp\/v2\/comments?post=133"}],"version-history":[{"count":6,"href":"http:\/\/www.dessus.org\/site\/wp-json\/wp\/v2\/posts\/133\/revisions"}],"predecessor-version":[{"id":1250,"href":"http:\/\/www.dessus.org\/site\/wp-json\/wp\/v2\/posts\/133\/revisions\/1250"}],"wp:featuredmedia":[{"embeddable":true,"href":"http:\/\/www.dessus.org\/site\/wp-json\/wp\/v2\/media\/135"}],"wp:attachment":[{"href":"http:\/\/www.dessus.org\/site\/wp-json\/wp\/v2\/media?parent=133"}],"wp:term":[{"taxonomy":"category","embeddable":true,"href":"http:\/\/www.dessus.org\/site\/wp-json\/wp\/v2\/categories?post=133"},{"taxonomy":"post_tag","embeddable":true,"href":"http:\/\/www.dessus.org\/site\/wp-json\/wp\/v2\/tags?post=133"}],"curies":[{"name":"wp","href":"https:\/\/api.w.org\/{rel}","templated":true}]}}