
{"id":1337,"date":"2021-10-08T15:15:00","date_gmt":"2021-10-08T13:15:00","guid":{"rendered":"http:\/\/www.dessus.org\/site\/?p=1337"},"modified":"2024-05-15T15:43:03","modified_gmt":"2024-05-15T13:43:03","slug":"ehpad-banon-05","status":"publish","type":"post","link":"http:\/\/www.dessus.org\/site\/2021\/10\/08\/ehpad-banon-05\/","title":{"rendered":"EHPAD, BANON (05)"},"content":{"rendered":"\n<p><strong>Restructuration et extension d&rsquo;un EHPAD HQE de 76 lits en site occup\u00e9<\/strong><\/p>\n\n\n\n<p><em>Montant op\u00e9ration :<\/em> 4 900 000 \u20ac HT<\/p>\n\n\n\n<p><em>Ma\u00eetre d&rsquo;Ouvrage :<\/em> Centre Hospitalier de Digne-les-Bains \/ <em>AMO :<\/em> SAMOP<br><em>Ma\u00eetre d&rsquo;Oeuvre mandataire :<\/em> Denis DESSUS \/ <em>Architecte associ\u00e9 : <\/em>AMARCHITECTES<br><em>\u00c9quipe de Ma\u00eetrise d&rsquo;\u0152uvre :<\/em> Fluides : ADRET \/ Structure : SECOBA \/ Economie : MDCE \/ VRD : MG Concept Ing.<\/p>\n\n\n\n<p><em>Surface :<\/em> 2 500 m\u00b2 S.U.<br>Concours 2020 (projet non laur\u00e9at)<\/p>\n\n\n<div class=\"wp-block-image\">\n<figure class=\"alignleft size-large\"><img loading=\"lazy\" decoding=\"async\" width=\"1024\" height=\"673\" src=\"http:\/\/www.dessus.org\/site\/wp-content\/uploads\/2021\/06\/persp-ext-1024x673.jpg\" alt=\"\" class=\"wp-image-1340\" srcset=\"http:\/\/www.dessus.org\/site\/wp-content\/uploads\/2021\/06\/persp-ext-1024x673.jpg 1024w, http:\/\/www.dessus.org\/site\/wp-content\/uploads\/2021\/06\/persp-ext-300x197.jpg 300w, http:\/\/www.dessus.org\/site\/wp-content\/uploads\/2021\/06\/persp-ext-768x505.jpg 768w, http:\/\/www.dessus.org\/site\/wp-content\/uploads\/2021\/06\/persp-ext-1536x1010.jpg 1536w, http:\/\/www.dessus.org\/site\/wp-content\/uploads\/2021\/06\/persp-ext.jpg 1963w\" sizes=\"(max-width: 1024px) 100vw, 1024px\" \/><\/figure><\/div>\n\n<div class=\"wp-block-image\">\n<figure class=\"alignleft size-large\"><img loading=\"lazy\" decoding=\"async\" width=\"1024\" height=\"492\" src=\"http:\/\/www.dessus.org\/site\/wp-content\/uploads\/2021\/06\/persp-int-1024x492.jpg\" alt=\"\" class=\"wp-image-1341\" srcset=\"http:\/\/www.dessus.org\/site\/wp-content\/uploads\/2021\/06\/persp-int-1024x492.jpg 1024w, http:\/\/www.dessus.org\/site\/wp-content\/uploads\/2021\/06\/persp-int-300x144.jpg 300w, http:\/\/www.dessus.org\/site\/wp-content\/uploads\/2021\/06\/persp-int-768x369.jpg 768w, http:\/\/www.dessus.org\/site\/wp-content\/uploads\/2021\/06\/persp-int-1536x739.jpg 1536w, http:\/\/www.dessus.org\/site\/wp-content\/uploads\/2021\/06\/persp-int.jpg 1961w\" sizes=\"(max-width: 1024px) 100vw, 1024px\" \/><\/figure><\/div>","protected":false},"excerpt":{"rendered":"<p>Restructuration et extension d&rsquo;un EHPAD HQE de 76 lits en site occup\u00e9 Montant op\u00e9ration : 4 900 000 \u20ac HT Ma\u00eetre d&rsquo;Ouvrage : Centre Hospitalier de Digne-les-Bains \/ AMO : SAMOPMa\u00eetre d&rsquo;Oeuvre mandataire : Denis DESSUS \/ Architecte associ\u00e9 : AMARCHITECTES\u00c9quipe de Ma\u00eetrise d&rsquo;\u0152uvre : Fluides : ADRET \/ Structure : SECOBA \/ Economie : [&hellip;]<\/p>\n","protected":false},"author":1,"featured_media":1340,"comment_status":"closed","ping_status":"closed","sticky":false,"template":"","format":"standard","meta":{"footnotes":""},"categories":[5,4],"tags":[],"_links":{"self":[{"href":"http:\/\/www.dessus.org\/site\/wp-json\/wp\/v2\/posts\/1337"}],"collection":[{"href":"http:\/\/www.dessus.org\/site\/wp-json\/wp\/v2\/posts"}],"about":[{"href":"http:\/\/www.dessus.org\/site\/wp-json\/wp\/v2\/types\/post"}],"author":[{"embeddable":true,"href":"http:\/\/www.dessus.org\/site\/wp-json\/wp\/v2\/users\/1"}],"replies":[{"embeddable":true,"href":"http:\/\/www.dessus.org\/site\/wp-json\/wp\/v2\/comments?post=1337"}],"version-history":[{"count":4,"href":"http:\/\/www.dessus.org\/site\/wp-json\/wp\/v2\/posts\/1337\/revisions"}],"predecessor-version":[{"id":1695,"href":"http:\/\/www.dessus.org\/site\/wp-json\/wp\/v2\/posts\/1337\/revisions\/1695"}],"wp:featuredmedia":[{"embeddable":true,"href":"http:\/\/www.dessus.org\/site\/wp-json\/wp\/v2\/media\/1340"}],"wp:attachment":[{"href":"http:\/\/www.dessus.org\/site\/wp-json\/wp\/v2\/media?parent=1337"}],"wp:term":[{"taxonomy":"category","embeddable":true,"href":"http:\/\/www.dessus.org\/site\/wp-json\/wp\/v2\/categories?post=1337"},{"taxonomy":"post_tag","embeddable":true,"href":"http:\/\/www.dessus.org\/site\/wp-json\/wp\/v2\/tags?post=1337"}],"curies":[{"name":"wp","href":"https:\/\/api.w.org\/{rel}","templated":true}]}}