
{"id":1365,"date":"2023-01-09T17:25:00","date_gmt":"2023-01-09T16:25:00","guid":{"rendered":"https:\/\/www.dessus.org\/site\/?p=1365"},"modified":"2024-04-30T11:17:54","modified_gmt":"2024-04-30T09:17:54","slug":"centre-dincendie-et-de-secours-privas-07","status":"publish","type":"post","link":"http:\/\/www.dessus.org\/site\/2023\/01\/09\/centre-dincendie-et-de-secours-privas-07\/","title":{"rendered":"Centre d&rsquo;Incendie et de Secours 07, Privas (07)"},"content":{"rendered":"\n<p><strong>Construction du Centre d&rsquo;Incendie et de Secours de l&rsquo;Ard\u00e8che, <\/strong>des locaux du Groupement Territorial Centre, de la remise des Services Techniques et des terrains de sport<\/p>\n\n\n\n<p><em>Montant op\u00e9ration :<\/em>&nbsp;3 460 000 \u20ac HT<\/p>\n\n\n\n<p><em>Ma\u00eetre d\u2019Ouvrage :<\/em>&nbsp;SDIS de l&rsquo;Ard\u00e8che<br><em>Architecte mandataire :<\/em>&nbsp;Denis DESSUS \u2013 Architecte associ\u00e9 : Thierry SAUNIER<br><em>\u00c9quipe Ma\u00eetrise d\u2019\u0152uvre :<\/em>&nbsp;BET structure : BETEBAT \/ BET fluides : Cabinet COSTE \/ Economie &#8211; VRD : ATEC bvf<\/p>\n\n\n\n<p><em>Mission :<\/em>&nbsp;Base<br><em>Surface :<\/em>&nbsp;2 100 m\u00b2<br>Laur\u00e9at concours 2017<\/p>\n\n\n\n<figure class=\"wp-block-image size-full\"><img loading=\"lazy\" decoding=\"async\" width=\"987\" height=\"643\" src=\"http:\/\/www.dessus.org\/site\/wp-content\/uploads\/2024\/04\/Capture-decran-2022-03-21-a-17.24.50.png\" alt=\"\" class=\"wp-image-1522\" srcset=\"http:\/\/www.dessus.org\/site\/wp-content\/uploads\/2024\/04\/Capture-decran-2022-03-21-a-17.24.50.png 987w, http:\/\/www.dessus.org\/site\/wp-content\/uploads\/2024\/04\/Capture-decran-2022-03-21-a-17.24.50-300x195.png 300w, http:\/\/www.dessus.org\/site\/wp-content\/uploads\/2024\/04\/Capture-decran-2022-03-21-a-17.24.50-768x500.png 768w\" sizes=\"(max-width: 987px) 100vw, 987px\" \/><\/figure>\n\n\n\n<figure class=\"wp-block-image size-full\"><img loading=\"lazy\" decoding=\"async\" width=\"1024\" height=\"768\" src=\"http:\/\/www.dessus.org\/site\/wp-content\/uploads\/2024\/04\/IMG_1286.jpg\" alt=\"\" class=\"wp-image-1523\" srcset=\"http:\/\/www.dessus.org\/site\/wp-content\/uploads\/2024\/04\/IMG_1286.jpg 1024w, http:\/\/www.dessus.org\/site\/wp-content\/uploads\/2024\/04\/IMG_1286-300x225.jpg 300w, http:\/\/www.dessus.org\/site\/wp-content\/uploads\/2024\/04\/IMG_1286-768x576.jpg 768w\" sizes=\"(max-width: 1024px) 100vw, 1024px\" \/><\/figure>\n\n\n\n<figure class=\"wp-block-image size-full is-resized\"><img loading=\"lazy\" decoding=\"async\" width=\"1024\" height=\"768\" src=\"http:\/\/www.dessus.org\/site\/wp-content\/uploads\/2024\/04\/Capture-decran-2022-03-21-a-17.29.57.png\" alt=\"\" class=\"wp-image-1525\" style=\"width:840px;height:630px\" srcset=\"http:\/\/www.dessus.org\/site\/wp-content\/uploads\/2024\/04\/Capture-decran-2022-03-21-a-17.29.57.png 1024w, http:\/\/www.dessus.org\/site\/wp-content\/uploads\/2024\/04\/Capture-decran-2022-03-21-a-17.29.57-300x225.png 300w, http:\/\/www.dessus.org\/site\/wp-content\/uploads\/2024\/04\/Capture-decran-2022-03-21-a-17.29.57-768x576.png 768w\" sizes=\"(max-width: 1024px) 100vw, 1024px\" \/><\/figure>\n\n\n\n<figure class=\"wp-block-image size-large\"><img loading=\"lazy\" decoding=\"async\" width=\"1024\" height=\"768\" src=\"http:\/\/www.dessus.org\/site\/wp-content\/uploads\/2024\/04\/IMG_3419-1024x768.jpg\" alt=\"\" class=\"wp-image-1528\" srcset=\"http:\/\/www.dessus.org\/site\/wp-content\/uploads\/2024\/04\/IMG_3419-1024x768.jpg 1024w, http:\/\/www.dessus.org\/site\/wp-content\/uploads\/2024\/04\/IMG_3419-300x225.jpg 300w, http:\/\/www.dessus.org\/site\/wp-content\/uploads\/2024\/04\/IMG_3419-768x576.jpg 768w, http:\/\/www.dessus.org\/site\/wp-content\/uploads\/2024\/04\/IMG_3419-1536x1152.jpg 1536w, http:\/\/www.dessus.org\/site\/wp-content\/uploads\/2024\/04\/IMG_3419-2048x1536.jpg 2048w\" sizes=\"(max-width: 1024px) 100vw, 1024px\" \/><\/figure>\n\n\n\n<figure class=\"wp-block-image size-full\"><img loading=\"lazy\" decoding=\"async\" width=\"768\" height=\"1024\" src=\"http:\/\/www.dessus.org\/site\/wp-content\/uploads\/2024\/04\/photo-cis1.jpg\" alt=\"\" class=\"wp-image-1527\" srcset=\"http:\/\/www.dessus.org\/site\/wp-content\/uploads\/2024\/04\/photo-cis1.jpg 768w, http:\/\/www.dessus.org\/site\/wp-content\/uploads\/2024\/04\/photo-cis1-225x300.jpg 225w\" sizes=\"(max-width: 768px) 100vw, 768px\" \/><\/figure>\n","protected":false},"excerpt":{"rendered":"<p>Construction du Centre d&rsquo;Incendie et de Secours de l&rsquo;Ard\u00e8che, des locaux du Groupement Territorial Centre, de la remise des Services Techniques et des terrains de sport Montant op\u00e9ration :&nbsp;3 460 000 \u20ac HT Ma\u00eetre d\u2019Ouvrage :&nbsp;SDIS de l&rsquo;Ard\u00e8cheArchitecte mandataire :&nbsp;Denis DESSUS \u2013 Architecte associ\u00e9 : Thierry SAUNIER\u00c9quipe Ma\u00eetrise d\u2019\u0152uvre :&nbsp;BET structure : BETEBAT \/ BET [&hellip;]<\/p>\n","protected":false},"author":1,"featured_media":1379,"comment_status":"closed","ping_status":"closed","sticky":false,"template":"","format":"standard","meta":{"footnotes":""},"categories":[7],"tags":[],"_links":{"self":[{"href":"http:\/\/www.dessus.org\/site\/wp-json\/wp\/v2\/posts\/1365"}],"collection":[{"href":"http:\/\/www.dessus.org\/site\/wp-json\/wp\/v2\/posts"}],"about":[{"href":"http:\/\/www.dessus.org\/site\/wp-json\/wp\/v2\/types\/post"}],"author":[{"embeddable":true,"href":"http:\/\/www.dessus.org\/site\/wp-json\/wp\/v2\/users\/1"}],"replies":[{"embeddable":true,"href":"http:\/\/www.dessus.org\/site\/wp-json\/wp\/v2\/comments?post=1365"}],"version-history":[{"count":8,"href":"http:\/\/www.dessus.org\/site\/wp-json\/wp\/v2\/posts\/1365\/revisions"}],"predecessor-version":[{"id":1529,"href":"http:\/\/www.dessus.org\/site\/wp-json\/wp\/v2\/posts\/1365\/revisions\/1529"}],"wp:featuredmedia":[{"embeddable":true,"href":"http:\/\/www.dessus.org\/site\/wp-json\/wp\/v2\/media\/1379"}],"wp:attachment":[{"href":"http:\/\/www.dessus.org\/site\/wp-json\/wp\/v2\/media?parent=1365"}],"wp:term":[{"taxonomy":"category","embeddable":true,"href":"http:\/\/www.dessus.org\/site\/wp-json\/wp\/v2\/categories?post=1365"},{"taxonomy":"post_tag","embeddable":true,"href":"http:\/\/www.dessus.org\/site\/wp-json\/wp\/v2\/tags?post=1365"}],"curies":[{"name":"wp","href":"https:\/\/api.w.org\/{rel}","templated":true}]}}