
{"id":141,"date":"2017-02-14T15:26:50","date_gmt":"2017-02-14T14:26:50","guid":{"rendered":"http:\/\/dessusorav.cluster020.hosting.ovh.net\/site\/?p=141"},"modified":"2017-10-31T16:56:13","modified_gmt":"2017-10-31T15:56:13","slug":"maison-de-lenfance-vallon-pont-darc-07","status":"publish","type":"post","link":"http:\/\/www.dessus.org\/site\/2017\/02\/14\/maison-de-lenfance-vallon-pont-darc-07\/","title":{"rendered":"Maison de l\u2019Enfance, Vallon-Pont-d\u2019Arc (07)"},"content":{"rendered":"<p><strong>Construction HQE de la Maison de l&rsquo;Enfance \u00e0 Vallon Pont d&rsquo;Arc<\/strong><\/p>\n<p style=\"text-align: justify;\">Cet \u00e9quipement en restructuration \/ extension en site occup\u00e9, rassemble cr\u00e8che, \u00e9cole maternelle, \u00e9cole primaire, cuisine centrale et restaurant.<\/p>\n<p style=\"text-align: justify;\">Les formes douces et la fluidit\u00e9 des rues-circulation, la p\u00e9n\u00e9tration de la v\u00e9g\u00e9tation \u00e0 l\u2019int\u00e9rieur m\u00eame des b\u00e2timents cr\u00e9ent une dimension ludique et onirique \u00e0 cette maison de l\u2019enfance. La gestion des flux permet \u00e0 toutes les g\u00e9n\u00e9rations de se rencontrer et de vivre ensemble en toute s\u00e9curit\u00e9 et sans g\u00e8ne, les enfants appr\u00e9hendant progressivement leurs nouveaux lieux de vie.<\/p>\n<p><em>Montant op\u00e9ration :<\/em> 2 800 000 \u20ac HT<\/p>\n<p><em>Ma\u00eetre d&rsquo;Ouvrage :<\/em> Commune<br \/>\n<em>Architecte mandataire :<\/em> Denis DESSUS &#8211;\u00a0<em>Architecte associ\u00e9 :<\/em> Patrick RABIER<\/p>\n<p><em>Mission :<\/em> Base + EXE<br \/>\n<em>Surface :<\/em> 3 200 m\u00b2<br \/>\nLaur\u00e9at concours 2006 \/ Livraison 2008<\/p>\n<p><img loading=\"lazy\" decoding=\"async\" class=\"wp-image-143 alignleft\" src=\"http:\/\/dessusorav.cluster020.hosting.ovh.net\/site\/wp-content\/uploads\/2017\/02\/ecole-vallon.light_.jpg\" width=\"800\" height=\"536\" srcset=\"http:\/\/www.dessus.org\/site\/wp-content\/uploads\/2017\/02\/ecole-vallon.light_.jpg 945w, http:\/\/www.dessus.org\/site\/wp-content\/uploads\/2017\/02\/ecole-vallon.light_-300x201.jpg 300w, http:\/\/www.dessus.org\/site\/wp-content\/uploads\/2017\/02\/ecole-vallon.light_-768x514.jpg 768w\" sizes=\"(max-width: 800px) 100vw, 800px\" \/><\/p>\n<p><img loading=\"lazy\" decoding=\"async\" class=\"wp-image-149 alignleft\" src=\"http:\/\/dessusorav.cluster020.hosting.ovh.net\/site\/wp-content\/uploads\/2017\/02\/vallon.entr\u00dae.jpg\" width=\"800\" height=\"600\" srcset=\"http:\/\/www.dessus.org\/site\/wp-content\/uploads\/2017\/02\/vallon.entr\u00dae.jpg 2592w, http:\/\/www.dessus.org\/site\/wp-content\/uploads\/2017\/02\/vallon.entr\u00dae-300x225.jpg 300w, http:\/\/www.dessus.org\/site\/wp-content\/uploads\/2017\/02\/vallon.entr\u00dae-768x576.jpg 768w, http:\/\/www.dessus.org\/site\/wp-content\/uploads\/2017\/02\/vallon.entr\u00dae-1024x768.jpg 1024w\" sizes=\"(max-width: 800px) 100vw, 800px\" \/><\/p>\n<p><img loading=\"lazy\" decoding=\"async\" class=\"wp-image-147 alignleft\" src=\"http:\/\/dessusorav.cluster020.hosting.ovh.net\/site\/wp-content\/uploads\/2017\/02\/preau-ecole-vallon.jpg\" width=\"800\" height=\"1195\" srcset=\"http:\/\/www.dessus.org\/site\/wp-content\/uploads\/2017\/02\/preau-ecole-vallon.jpg 622w, http:\/\/www.dessus.org\/site\/wp-content\/uploads\/2017\/02\/preau-ecole-vallon-201x300.jpg 201w\" sizes=\"(max-width: 800px) 100vw, 800px\" \/><\/p>\n<p><img loading=\"lazy\" decoding=\"async\" class=\"wp-image-148 alignleft\" src=\"http:\/\/dessusorav.cluster020.hosting.ovh.net\/site\/wp-content\/uploads\/2017\/02\/Pr\u00daau.jpg\" width=\"800\" height=\"535\" srcset=\"http:\/\/www.dessus.org\/site\/wp-content\/uploads\/2017\/02\/Pr\u00daau.jpg 1000w, http:\/\/www.dessus.org\/site\/wp-content\/uploads\/2017\/02\/Pr\u00daau-300x201.jpg 300w, http:\/\/www.dessus.org\/site\/wp-content\/uploads\/2017\/02\/Pr\u00daau-768x514.jpg 768w\" sizes=\"(max-width: 800px) 100vw, 800px\" \/><\/p>\n<p><img loading=\"lazy\" decoding=\"async\" class=\"wp-image-145 alignleft\" src=\"http:\/\/dessusorav.cluster020.hosting.ovh.net\/site\/wp-content\/uploads\/2017\/02\/IMG_2197.jpg\" width=\"800\" height=\"1066\" srcset=\"http:\/\/www.dessus.org\/site\/wp-content\/uploads\/2017\/02\/IMG_2197.jpg 1944w, http:\/\/www.dessus.org\/site\/wp-content\/uploads\/2017\/02\/IMG_2197-225x300.jpg 225w, http:\/\/www.dessus.org\/site\/wp-content\/uploads\/2017\/02\/IMG_2197-768x1024.jpg 768w\" sizes=\"(max-width: 800px) 100vw, 800px\" \/><\/p>\n<p><img loading=\"lazy\" decoding=\"async\" class=\"wp-image-144 alignleft\" src=\"http:\/\/dessusorav.cluster020.hosting.ovh.net\/site\/wp-content\/uploads\/2017\/02\/IMG_2196.jpg\" width=\"800\" height=\"600\" srcset=\"http:\/\/www.dessus.org\/site\/wp-content\/uploads\/2017\/02\/IMG_2196.jpg 2592w, http:\/\/www.dessus.org\/site\/wp-content\/uploads\/2017\/02\/IMG_2196-300x225.jpg 300w, http:\/\/www.dessus.org\/site\/wp-content\/uploads\/2017\/02\/IMG_2196-768x576.jpg 768w, http:\/\/www.dessus.org\/site\/wp-content\/uploads\/2017\/02\/IMG_2196-1024x768.jpg 1024w\" sizes=\"(max-width: 800px) 100vw, 800px\" \/><\/p>\n<p><img loading=\"lazy\" decoding=\"async\" class=\"wp-image-142 alignleft\" src=\"http:\/\/dessusorav.cluster020.hosting.ovh.net\/site\/wp-content\/uploads\/2017\/02\/vallon-pt-darc.jpg\" width=\"801\" height=\"524\" srcset=\"http:\/\/www.dessus.org\/site\/wp-content\/uploads\/2017\/02\/vallon-pt-darc.jpg 822w, http:\/\/www.dessus.org\/site\/wp-content\/uploads\/2017\/02\/vallon-pt-darc-300x196.jpg 300w, http:\/\/www.dessus.org\/site\/wp-content\/uploads\/2017\/02\/vallon-pt-darc-768x503.jpg 768w\" sizes=\"(max-width: 801px) 100vw, 801px\" \/><\/p>\n","protected":false},"excerpt":{"rendered":"<p>Construction HQE de la Maison de l&rsquo;Enfance \u00e0 Vallon Pont d&rsquo;Arc Cet \u00e9quipement en restructuration \/ extension en site occup\u00e9, rassemble cr\u00e8che, \u00e9cole maternelle, \u00e9cole primaire, cuisine centrale et restaurant. Les formes douces et la fluidit\u00e9 des rues-circulation, la p\u00e9n\u00e9tration de la v\u00e9g\u00e9tation \u00e0 l\u2019int\u00e9rieur m\u00eame des b\u00e2timents cr\u00e9ent une dimension ludique et onirique \u00e0 [&hellip;]<\/p>\n","protected":false},"author":1,"featured_media":143,"comment_status":"closed","ping_status":"closed","sticky":false,"template":"","format":"standard","meta":{"footnotes":""},"categories":[8,6],"tags":[],"_links":{"self":[{"href":"http:\/\/www.dessus.org\/site\/wp-json\/wp\/v2\/posts\/141"}],"collection":[{"href":"http:\/\/www.dessus.org\/site\/wp-json\/wp\/v2\/posts"}],"about":[{"href":"http:\/\/www.dessus.org\/site\/wp-json\/wp\/v2\/types\/post"}],"author":[{"embeddable":true,"href":"http:\/\/www.dessus.org\/site\/wp-json\/wp\/v2\/users\/1"}],"replies":[{"embeddable":true,"href":"http:\/\/www.dessus.org\/site\/wp-json\/wp\/v2\/comments?post=141"}],"version-history":[{"count":5,"href":"http:\/\/www.dessus.org\/site\/wp-json\/wp\/v2\/posts\/141\/revisions"}],"predecessor-version":[{"id":1249,"href":"http:\/\/www.dessus.org\/site\/wp-json\/wp\/v2\/posts\/141\/revisions\/1249"}],"wp:featuredmedia":[{"embeddable":true,"href":"http:\/\/www.dessus.org\/site\/wp-json\/wp\/v2\/media\/143"}],"wp:attachment":[{"href":"http:\/\/www.dessus.org\/site\/wp-json\/wp\/v2\/media?parent=141"}],"wp:term":[{"taxonomy":"category","embeddable":true,"href":"http:\/\/www.dessus.org\/site\/wp-json\/wp\/v2\/categories?post=141"},{"taxonomy":"post_tag","embeddable":true,"href":"http:\/\/www.dessus.org\/site\/wp-json\/wp\/v2\/tags?post=141"}],"curies":[{"name":"wp","href":"https:\/\/api.w.org\/{rel}","templated":true}]}}