
{"id":169,"date":"2017-02-14T15:41:22","date_gmt":"2017-02-14T14:41:22","guid":{"rendered":"http:\/\/dessusorav.cluster020.hosting.ovh.net\/site\/?p=169"},"modified":"2024-05-15T11:56:41","modified_gmt":"2024-05-15T09:56:41","slug":"residence-thermale-neyrac-les-bains-07","status":"publish","type":"post","link":"http:\/\/www.dessus.org\/site\/2017\/02\/14\/residence-thermale-neyrac-les-bains-07\/","title":{"rendered":"R\u00e9sidence thermale, Neyrac-les-Bains (07)"},"content":{"rendered":"<p><strong>Construction de la r\u00e9sidence thermale HQE de Neyrac-les-Bains<\/strong><\/p>\n<p>L\u2019op\u00e9ration de Neyrac-les-Bains est constitu\u00e9e d\u2019un plateau de soins de 3 000 m\u00b2, agrandi d\u2019une piscine thermale en 2003 et d\u2019une r\u00e9sidence de 30 logements. Une parfaite ma\u00eetrise des composantes de confort, le travail de la lumi\u00e8re et des mat\u00e9riaux (bois, zinc) ainsi qu\u2019une recherche d\u2019optimisation du fonctionnement et de l\u2019entretien sont les guides de la conception.<\/p>\n<p>En utilisant des mat\u00e9riaux sains, avec une utilisation novatrice de l\u2019eau thermale en vecteur \u00e9nerg\u00e9tique, en s\u2019ins\u00e9rant dans la for\u00eat qui recouvre l\u2019\u00e9tablissement gr\u00e2ce \u00e0 une toiture v\u00e9g\u00e9talis\u00e9e \u00e9paisse, les thermes de Neyrac-les-Bains ont m\u00e9rit\u00e9 leur exemplarit\u00e9 dans le mouvement du green building.<\/p>\n<p><em>Montant op\u00e9ration :<\/em> 1 600 000 \u20ac HT<\/p>\n<p><em>Ma\u00eetre d&rsquo;ouvrage :<\/em> SITHERE (J-F. TERRISSE Directeur)<br \/>\n<em>Architecte mandataire :<\/em> Denis DESSUS (r\u00e9sidences et centre de remise en forme)<br \/>\nAssoci\u00e9 \u00e0 MINSTER-RONZATTI sur le b\u00e2timent thermal<\/p>\n<p><em>Mission :<\/em> Base + EXE + OPC<br \/>\n<em>Surface :<\/em> 1 600 m\u00b2<br \/>\nLivraison 1995<\/p>\n<p style=\"text-align: justify;\"><img loading=\"lazy\" decoding=\"async\" class=\" wp-image-170 alignleft\" src=\"http:\/\/dessusorav.cluster020.hosting.ovh.net\/site\/wp-content\/uploads\/2017\/02\/7-Vue-ext-r\u00dasidence-rectifi\u00dae.jpg\" alt=\"\" width=\"601\" height=\"902\" srcset=\"http:\/\/www.dessus.org\/site\/wp-content\/uploads\/2017\/02\/7-Vue-ext-r\u00dasidence-rectifi\u00dae.jpg 512w, http:\/\/www.dessus.org\/site\/wp-content\/uploads\/2017\/02\/7-Vue-ext-r\u00dasidence-rectifi\u00dae-200x300.jpg 200w\" sizes=\"(max-width: 601px) 100vw, 601px\" \/><\/p>\n<p style=\"text-align: justify;\"><img loading=\"lazy\" decoding=\"async\" class=\"wp-image-171 alignleft\" src=\"http:\/\/dessusorav.cluster020.hosting.ovh.net\/site\/wp-content\/uploads\/2017\/02\/entr\u00dae-1.jpg\" width=\"600\" height=\"583\" srcset=\"http:\/\/www.dessus.org\/site\/wp-content\/uploads\/2017\/02\/entr\u00dae-1.jpg 400w, http:\/\/www.dessus.org\/site\/wp-content\/uploads\/2017\/02\/entr\u00dae-1-300x292.jpg 300w\" sizes=\"(max-width: 600px) 100vw, 600px\" \/><\/p>\n","protected":false},"excerpt":{"rendered":"<p>Construction de la r\u00e9sidence thermale HQE de Neyrac-les-Bains L\u2019op\u00e9ration de Neyrac-les-Bains est constitu\u00e9e d\u2019un plateau de soins de 3 000 m\u00b2, agrandi d\u2019une piscine thermale en 2003 et d\u2019une r\u00e9sidence de 30 logements. Une parfaite ma\u00eetrise des composantes de confort, le travail de la lumi\u00e8re et des mat\u00e9riaux (bois, zinc) ainsi qu\u2019une recherche d\u2019optimisation du [&hellip;]<\/p>\n","protected":false},"author":1,"featured_media":170,"comment_status":"closed","ping_status":"closed","sticky":false,"template":"","format":"standard","meta":{"footnotes":""},"categories":[7,4],"tags":[],"_links":{"self":[{"href":"http:\/\/www.dessus.org\/site\/wp-json\/wp\/v2\/posts\/169"}],"collection":[{"href":"http:\/\/www.dessus.org\/site\/wp-json\/wp\/v2\/posts"}],"about":[{"href":"http:\/\/www.dessus.org\/site\/wp-json\/wp\/v2\/types\/post"}],"author":[{"embeddable":true,"href":"http:\/\/www.dessus.org\/site\/wp-json\/wp\/v2\/users\/1"}],"replies":[{"embeddable":true,"href":"http:\/\/www.dessus.org\/site\/wp-json\/wp\/v2\/comments?post=169"}],"version-history":[{"count":10,"href":"http:\/\/www.dessus.org\/site\/wp-json\/wp\/v2\/posts\/169\/revisions"}],"predecessor-version":[{"id":1688,"href":"http:\/\/www.dessus.org\/site\/wp-json\/wp\/v2\/posts\/169\/revisions\/1688"}],"wp:featuredmedia":[{"embeddable":true,"href":"http:\/\/www.dessus.org\/site\/wp-json\/wp\/v2\/media\/170"}],"wp:attachment":[{"href":"http:\/\/www.dessus.org\/site\/wp-json\/wp\/v2\/media?parent=169"}],"wp:term":[{"taxonomy":"category","embeddable":true,"href":"http:\/\/www.dessus.org\/site\/wp-json\/wp\/v2\/categories?post=169"},{"taxonomy":"post_tag","embeddable":true,"href":"http:\/\/www.dessus.org\/site\/wp-json\/wp\/v2\/tags?post=169"}],"curies":[{"name":"wp","href":"https:\/\/api.w.org\/{rel}","templated":true}]}}