
{"id":199,"date":"2017-02-14T16:04:20","date_gmt":"2017-02-14T15:04:20","guid":{"rendered":"http:\/\/dessusorav.cluster020.hosting.ovh.net\/site\/?p=199"},"modified":"2017-10-31T12:28:54","modified_gmt":"2017-10-31T11:28:54","slug":"maison-de-retraite-jaujac-07","status":"publish","type":"post","link":"http:\/\/www.dessus.org\/site\/2017\/02\/14\/maison-de-retraite-jaujac-07\/","title":{"rendered":"Maison de retraite, Jaujac (07)"},"content":{"rendered":"<p><strong>Construction neuve puis restructuration en site occup\u00e9 d&rsquo;une r\u00e9sidence pour personnes \u00e2g\u00e9es \u00e0 Jaujac<\/strong><\/p>\n<p style=\"text-align: justify;\">Cette maison de retraite est caract\u00e9ristique du travail atypique de l\u2019Agence Denis DESSUS. Dimensions onirique et po\u00e9tique se conjuguent avec fonctionnalit\u00e9 et ergonomie.<br \/>\nL\u2019eau des bassins p\u00e9n\u00e8tre dans les salons, les serres tropicales et m\u00e9diterran\u00e9ennes maintiennent le contact avec la nature et les saisons.<\/p>\n<p style=\"text-align: justify;\">Denis DESSUS s\u2019est attach\u00e9 la collaboration d\u2019un artiste, J.P. AUBANEL, et d\u2019un sc\u00e9nographe, P. JAUBERT, pour concevoir cette r\u00e9sidence \u00e9tonnante, au c\u0153ur d\u2019un parc qu\u2019il a \u00e9galement dessin\u00e9.<br \/>\nA ce programme de 80 lits, r\u00e9alis\u00e9 pour l\u2019OPDHLM 07 en 1993, pour un co\u00fbt travaux de 3 000 000 \u20ac HT, s\u2019est adjoint en 2004 une unit\u00e9 Alzheimer de 12 lits pour 1 000 000 \u20ac HT, r\u00e9alis\u00e9e en site occup\u00e9 et en 10 mois.<\/p>\n<p><em>Ma\u00eetrise d&rsquo;Ouvrage :<\/em>\u00a0Vivarais Habitat (M. Carpentier)<br \/>\n<em>Architecte mandataire :\u00a0<\/em>Denis DESSUS (2 tranches de travaux)<\/p>\n<p><em>Mission :<\/em> Base + EXE + OPC<\/p>\n<p style=\"text-align: justify;\"><img loading=\"lazy\" decoding=\"async\" class=\"wp-image-571 alignleft\" src=\"http:\/\/www.dessus.org\/site\/wp-content\/uploads\/2017\/02\/5-Photo-2-Jaujac-rect-1-504x1024.jpg\" alt=\"\" width=\"500\" height=\"1016\" srcset=\"http:\/\/www.dessus.org\/site\/wp-content\/uploads\/2017\/02\/5-Photo-2-Jaujac-rect-1-504x1024.jpg 504w, http:\/\/www.dessus.org\/site\/wp-content\/uploads\/2017\/02\/5-Photo-2-Jaujac-rect-1-148x300.jpg 148w, http:\/\/www.dessus.org\/site\/wp-content\/uploads\/2017\/02\/5-Photo-2-Jaujac-rect-1.jpg 538w\" sizes=\"(max-width: 500px) 100vw, 500px\" \/><\/p>\n<p><img loading=\"lazy\" decoding=\"async\" class=\"wp-image-202 alignleft\" src=\"http:\/\/dessusorav.cluster020.hosting.ovh.net\/site\/wp-content\/uploads\/2017\/02\/2-Ext-Jaujac-copie.jpg\" alt=\"\" width=\"480\" height=\"315\" srcset=\"http:\/\/www.dessus.org\/site\/wp-content\/uploads\/2017\/02\/2-Ext-Jaujac-copie.jpg 699w, http:\/\/www.dessus.org\/site\/wp-content\/uploads\/2017\/02\/2-Ext-Jaujac-copie-300x197.jpg 300w\" sizes=\"(max-width: 480px) 100vw, 480px\" \/><\/p>\n<p><img loading=\"lazy\" decoding=\"async\" class=\"wp-image-200 alignnone\" src=\"http:\/\/dessusorav.cluster020.hosting.ovh.net\/site\/wp-content\/uploads\/2017\/02\/6-Entr\u00dae-Jaujac-r\u00daduit.jpg\" width=\"480\" height=\"693\" srcset=\"http:\/\/www.dessus.org\/site\/wp-content\/uploads\/2017\/02\/6-Entr\u00dae-Jaujac-r\u00daduit.jpg 464w, http:\/\/www.dessus.org\/site\/wp-content\/uploads\/2017\/02\/6-Entr\u00dae-Jaujac-r\u00daduit-208x300.jpg 208w\" sizes=\"(max-width: 480px) 100vw, 480px\" \/><\/p>\n<p><img loading=\"lazy\" decoding=\"async\" class=\"wp-image-201 alignleft\" src=\"http:\/\/dessusorav.cluster020.hosting.ovh.net\/site\/wp-content\/uploads\/2017\/02\/9-Hall-Jaujac.jpg\" width=\"498\" height=\"788\" srcset=\"http:\/\/www.dessus.org\/site\/wp-content\/uploads\/2017\/02\/9-Hall-Jaujac.jpg 448w, http:\/\/www.dessus.org\/site\/wp-content\/uploads\/2017\/02\/9-Hall-Jaujac-190x300.jpg 190w\" sizes=\"(max-width: 498px) 100vw, 498px\" \/><\/p>\n","protected":false},"excerpt":{"rendered":"<p>Construction neuve puis restructuration en site occup\u00e9 d&rsquo;une r\u00e9sidence pour personnes \u00e2g\u00e9es \u00e0 Jaujac Cette maison de retraite est caract\u00e9ristique du travail atypique de l\u2019Agence Denis DESSUS. Dimensions onirique et po\u00e9tique se conjuguent avec fonctionnalit\u00e9 et ergonomie. L\u2019eau des bassins p\u00e9n\u00e8tre dans les salons, les serres tropicales et m\u00e9diterran\u00e9ennes maintiennent le contact avec la nature [&hellip;]<\/p>\n","protected":false},"author":1,"featured_media":571,"comment_status":"closed","ping_status":"closed","sticky":false,"template":"","format":"standard","meta":{"footnotes":""},"categories":[5],"tags":[],"_links":{"self":[{"href":"http:\/\/www.dessus.org\/site\/wp-json\/wp\/v2\/posts\/199"}],"collection":[{"href":"http:\/\/www.dessus.org\/site\/wp-json\/wp\/v2\/posts"}],"about":[{"href":"http:\/\/www.dessus.org\/site\/wp-json\/wp\/v2\/types\/post"}],"author":[{"embeddable":true,"href":"http:\/\/www.dessus.org\/site\/wp-json\/wp\/v2\/users\/1"}],"replies":[{"embeddable":true,"href":"http:\/\/www.dessus.org\/site\/wp-json\/wp\/v2\/comments?post=199"}],"version-history":[{"count":7,"href":"http:\/\/www.dessus.org\/site\/wp-json\/wp\/v2\/posts\/199\/revisions"}],"predecessor-version":[{"id":1241,"href":"http:\/\/www.dessus.org\/site\/wp-json\/wp\/v2\/posts\/199\/revisions\/1241"}],"wp:featuredmedia":[{"embeddable":true,"href":"http:\/\/www.dessus.org\/site\/wp-json\/wp\/v2\/media\/571"}],"wp:attachment":[{"href":"http:\/\/www.dessus.org\/site\/wp-json\/wp\/v2\/media?parent=199"}],"wp:term":[{"taxonomy":"category","embeddable":true,"href":"http:\/\/www.dessus.org\/site\/wp-json\/wp\/v2\/categories?post=199"},{"taxonomy":"post_tag","embeddable":true,"href":"http:\/\/www.dessus.org\/site\/wp-json\/wp\/v2\/tags?post=199"}],"curies":[{"name":"wp","href":"https:\/\/api.w.org\/{rel}","templated":true}]}}