
{"id":212,"date":"2017-02-14T16:10:54","date_gmt":"2017-02-14T15:10:54","guid":{"rendered":"http:\/\/dessusorav.cluster020.hosting.ovh.net\/site\/?p=212"},"modified":"2017-10-31T12:26:48","modified_gmt":"2017-10-31T11:26:48","slug":"maison-de-retraite-montfaucon-43","status":"publish","type":"post","link":"http:\/\/www.dessus.org\/site\/2017\/02\/14\/maison-de-retraite-montfaucon-43\/","title":{"rendered":"Maison de retraite, Montfaucon (43)"},"content":{"rendered":"<p><strong>Restructuration &amp; extension d&rsquo;un EHPAD de 45 lits \u00e0 Montfaucon<\/strong><\/p>\n<p style=\"text-align: justify;\">Cette op\u00e9ration, en centre ville, consiste en la restructuration lourde d\u2019un b\u00e2timent en pierres et en une extension neuve en b\u00e9ton brut. L\u2019\u00e9tablissement fait face \u00e0 une \u00e9glise class\u00e9e.<br \/>\nModernit\u00e9 et respect du patrimoine se m\u00ealent ainsi dans une grande coh\u00e9rence. En compl\u00e9ment, nous avons dessin\u00e9 la place contigu\u00eb, c\u0153ur du village. La maison de retraite devient l\u2019\u00e9l\u00e9ment structurant de Montfaucon.<\/p>\n<p><em>Montant op\u00e9ration :<\/em> 3 200 000 \u20ac HT<\/p>\n<p><em>Ma\u00eetre d&rsquo;Ouvrage :<\/em> Etablissement<br \/>\n<em>Ma\u00eetre d&rsquo;\u0152uvre :<\/em>\u00a0Denis DESSUS \/ Y. GROUSSON &amp; J.L. MATHAIS Architectes partenaires<\/p>\n<p><em>Mission :<\/em> Base + EXE<br \/>\n<em>Surface :<\/em> 2 500 m\u00b2<br \/>\nLivraison 2005<\/p>\n<p style=\"text-align: justify;\"><img loading=\"lazy\" decoding=\"async\" class=\"wp-image-214 alignleft\" src=\"http:\/\/dessusorav.cluster020.hosting.ovh.net\/site\/wp-content\/uploads\/2017\/02\/pignon-nord.jpg\" width=\"801\" height=\"532\" srcset=\"http:\/\/www.dessus.org\/site\/wp-content\/uploads\/2017\/02\/pignon-nord.jpg 900w, http:\/\/www.dessus.org\/site\/wp-content\/uploads\/2017\/02\/pignon-nord-300x199.jpg 300w, http:\/\/www.dessus.org\/site\/wp-content\/uploads\/2017\/02\/pignon-nord-768x510.jpg 768w\" sizes=\"(max-width: 801px) 100vw, 801px\" \/><\/p>\n<p style=\"text-align: justify;\"><img loading=\"lazy\" decoding=\"async\" class=\"wp-image-213 alignleft\" src=\"http:\/\/dessusorav.cluster020.hosting.ovh.net\/site\/wp-content\/uploads\/2017\/02\/photoehpadmontfaucon-jpg.jpg\" width=\"800\" height=\"533\" srcset=\"http:\/\/www.dessus.org\/site\/wp-content\/uploads\/2017\/02\/photoehpadmontfaucon-jpg.jpg 850w, http:\/\/www.dessus.org\/site\/wp-content\/uploads\/2017\/02\/photoehpadmontfaucon-jpg-300x200.jpg 300w, http:\/\/www.dessus.org\/site\/wp-content\/uploads\/2017\/02\/photoehpadmontfaucon-jpg-768x511.jpg 768w\" sizes=\"(max-width: 800px) 100vw, 800px\" \/><\/p>\n<p style=\"text-align: justify;\"><img loading=\"lazy\" decoding=\"async\" class=\"wp-image-215 alignleft\" src=\"http:\/\/dessusorav.cluster020.hosting.ovh.net\/site\/wp-content\/uploads\/2017\/02\/DSC_0711.jpg\" width=\"801\" height=\"532\" srcset=\"http:\/\/www.dessus.org\/site\/wp-content\/uploads\/2017\/02\/DSC_0711.jpg 1000w, http:\/\/www.dessus.org\/site\/wp-content\/uploads\/2017\/02\/DSC_0711-300x200.jpg 300w, http:\/\/www.dessus.org\/site\/wp-content\/uploads\/2017\/02\/DSC_0711-768x511.jpg 768w\" sizes=\"(max-width: 801px) 100vw, 801px\" \/><\/p>\n<p style=\"text-align: justify;\"><img loading=\"lazy\" decoding=\"async\" class=\"wp-image-216 alignleft\" src=\"http:\/\/dessusorav.cluster020.hosting.ovh.net\/site\/wp-content\/uploads\/2017\/02\/fac-sud.jpg\" width=\"801\" height=\"533\" srcset=\"http:\/\/www.dessus.org\/site\/wp-content\/uploads\/2017\/02\/fac-sud.jpg 850w, http:\/\/www.dessus.org\/site\/wp-content\/uploads\/2017\/02\/fac-sud-300x200.jpg 300w, http:\/\/www.dessus.org\/site\/wp-content\/uploads\/2017\/02\/fac-sud-768x511.jpg 768w\" sizes=\"(max-width: 801px) 100vw, 801px\" \/><\/p>\n","protected":false},"excerpt":{"rendered":"<p>Restructuration &amp; extension d&rsquo;un EHPAD de 45 lits \u00e0 Montfaucon Cette op\u00e9ration, en centre ville, consiste en la restructuration lourde d\u2019un b\u00e2timent en pierres et en une extension neuve en b\u00e9ton brut. L\u2019\u00e9tablissement fait face \u00e0 une \u00e9glise class\u00e9e. Modernit\u00e9 et respect du patrimoine se m\u00ealent ainsi dans une grande coh\u00e9rence. En compl\u00e9ment, nous avons [&hellip;]<\/p>\n","protected":false},"author":1,"featured_media":214,"comment_status":"closed","ping_status":"closed","sticky":false,"template":"","format":"standard","meta":{"footnotes":""},"categories":[5],"tags":[],"_links":{"self":[{"href":"http:\/\/www.dessus.org\/site\/wp-json\/wp\/v2\/posts\/212"}],"collection":[{"href":"http:\/\/www.dessus.org\/site\/wp-json\/wp\/v2\/posts"}],"about":[{"href":"http:\/\/www.dessus.org\/site\/wp-json\/wp\/v2\/types\/post"}],"author":[{"embeddable":true,"href":"http:\/\/www.dessus.org\/site\/wp-json\/wp\/v2\/users\/1"}],"replies":[{"embeddable":true,"href":"http:\/\/www.dessus.org\/site\/wp-json\/wp\/v2\/comments?post=212"}],"version-history":[{"count":9,"href":"http:\/\/www.dessus.org\/site\/wp-json\/wp\/v2\/posts\/212\/revisions"}],"predecessor-version":[{"id":1239,"href":"http:\/\/www.dessus.org\/site\/wp-json\/wp\/v2\/posts\/212\/revisions\/1239"}],"wp:featuredmedia":[{"embeddable":true,"href":"http:\/\/www.dessus.org\/site\/wp-json\/wp\/v2\/media\/214"}],"wp:attachment":[{"href":"http:\/\/www.dessus.org\/site\/wp-json\/wp\/v2\/media?parent=212"}],"wp:term":[{"taxonomy":"category","embeddable":true,"href":"http:\/\/www.dessus.org\/site\/wp-json\/wp\/v2\/categories?post=212"},{"taxonomy":"post_tag","embeddable":true,"href":"http:\/\/www.dessus.org\/site\/wp-json\/wp\/v2\/tags?post=212"}],"curies":[{"name":"wp","href":"https:\/\/api.w.org\/{rel}","templated":true}]}}