
{"id":233,"date":"2017-02-14T16:20:20","date_gmt":"2017-02-14T15:20:20","guid":{"rendered":"http:\/\/dessusorav.cluster020.hosting.ovh.net\/site\/?p=233"},"modified":"2017-10-31T12:23:49","modified_gmt":"2017-10-31T11:23:49","slug":"centre-de-reeducation-fonctionnelle-vals-les-bains-07","status":"publish","type":"post","link":"http:\/\/www.dessus.org\/site\/2017\/02\/14\/centre-de-reeducation-fonctionnelle-vals-les-bains-07\/","title":{"rendered":"Centre de R\u00e9\u00e9ducation Fonctionnelle, Vals-les-Bains (07)"},"content":{"rendered":"<p><strong>Restructuration &amp; extension du Centre de R\u00e9\u00e9ducation Fonctionnelle de 60 lits \u00e0 Vals-les-Bains<\/strong><\/p>\n<p style=\"text-align: justify;\">Cr\u00e9ation d\u2019une unit\u00e9 de 60 lits avec plateau technique de soins de 1 000 m\u00b2, radiologie, restauration, lingerie etc. , en restructuration-extension. Cette r\u00e9alisation, \u00e0 flanc de montagne, d\u00e9senclave tout l\u2019h\u00f4pital et restructure l\u2019urbanisme du site. Chantier complexe avec notamment une piscine de soins de 100 m\u00b2 au 4\u00e8me niveau.<\/p>\n<p><em>Montant op\u00e9ration :<\/em> 4 700 000 \u20ac HT<\/p>\n<p><em>Ma\u00eetrise d&rsquo;Ouvrage :<\/em> Etablissement (M. CORTIAL \/ DDE 07, conducteur d&rsquo;op\u00e9ration)<br \/>\n<em>Architecte mandataire :<\/em> Denis DESSUS &#8211; <em>Architecte associ\u00e9 :<\/em>\u00a0St\u00e9phane CURTENAZ<br \/>\n<em>Equipe Ma\u00eetrise d&rsquo;\u0152uvre :<\/em> MONTEREMAL \/ Fluides : Cbinet COSTE \/ Structure : BE MATHIEU<\/p>\n<p><em>Mission :<\/em> Base + EXE + OPC<br \/>\n<em>Surface :<\/em> 3 200 m\u00b2<br \/>\nLaur\u00e9at concours \/ Livraison 2003<\/p>\n<p style=\"text-align: justify;\"><img loading=\"lazy\" decoding=\"async\" class=\"wp-image-237 alignleft\" src=\"http:\/\/dessusorav.cluster020.hosting.ovh.net\/site\/wp-content\/uploads\/2017\/02\/crf-d\u00datail-facade.jpg\" width=\"800\" height=\"873\" srcset=\"http:\/\/www.dessus.org\/site\/wp-content\/uploads\/2017\/02\/crf-d\u00datail-facade.jpg 1198w, http:\/\/www.dessus.org\/site\/wp-content\/uploads\/2017\/02\/crf-d\u00datail-facade-275x300.jpg 275w, http:\/\/www.dessus.org\/site\/wp-content\/uploads\/2017\/02\/crf-d\u00datail-facade-768x838.jpg 768w, http:\/\/www.dessus.org\/site\/wp-content\/uploads\/2017\/02\/crf-d\u00datail-facade-939x1024.jpg 939w\" sizes=\"(max-width: 800px) 100vw, 800px\" \/><\/p>\n<p style=\"text-align: justify;\"><img loading=\"lazy\" decoding=\"async\" class=\"wp-image-236 alignleft\" src=\"http:\/\/dessusorav.cluster020.hosting.ovh.net\/site\/wp-content\/uploads\/2017\/02\/vue-g\u00dan\u00darale-crf.jpg\" width=\"800\" height=\"600\" srcset=\"http:\/\/www.dessus.org\/site\/wp-content\/uploads\/2017\/02\/vue-g\u00dan\u00darale-crf.jpg 1600w, http:\/\/www.dessus.org\/site\/wp-content\/uploads\/2017\/02\/vue-g\u00dan\u00darale-crf-300x225.jpg 300w, http:\/\/www.dessus.org\/site\/wp-content\/uploads\/2017\/02\/vue-g\u00dan\u00darale-crf-768x576.jpg 768w, http:\/\/www.dessus.org\/site\/wp-content\/uploads\/2017\/02\/vue-g\u00dan\u00darale-crf-1024x768.jpg 1024w\" sizes=\"(max-width: 800px) 100vw, 800px\" \/><\/p>\n<p style=\"text-align: justify;\"><img loading=\"lazy\" decoding=\"async\" class=\"wp-image-234 alignleft\" src=\"http:\/\/dessusorav.cluster020.hosting.ovh.net\/site\/wp-content\/uploads\/2017\/02\/entr\u00dae-crf.jpg\" width=\"800\" height=\"600\" srcset=\"http:\/\/www.dessus.org\/site\/wp-content\/uploads\/2017\/02\/entr\u00dae-crf.jpg 1600w, http:\/\/www.dessus.org\/site\/wp-content\/uploads\/2017\/02\/entr\u00dae-crf-300x225.jpg 300w, http:\/\/www.dessus.org\/site\/wp-content\/uploads\/2017\/02\/entr\u00dae-crf-768x576.jpg 768w, http:\/\/www.dessus.org\/site\/wp-content\/uploads\/2017\/02\/entr\u00dae-crf-1024x768.jpg 1024w\" sizes=\"(max-width: 800px) 100vw, 800px\" \/><\/p>\n<p style=\"text-align: justify;\"><img loading=\"lazy\" decoding=\"async\" class=\"wp-image-235 alignleft\" src=\"http:\/\/dessusorav.cluster020.hosting.ovh.net\/site\/wp-content\/uploads\/2017\/02\/piscine-crf.jpg\" width=\"801\" height=\"302\" srcset=\"http:\/\/www.dessus.org\/site\/wp-content\/uploads\/2017\/02\/piscine-crf.jpg 3172w, http:\/\/www.dessus.org\/site\/wp-content\/uploads\/2017\/02\/piscine-crf-300x113.jpg 300w, http:\/\/www.dessus.org\/site\/wp-content\/uploads\/2017\/02\/piscine-crf-768x289.jpg 768w, http:\/\/www.dessus.org\/site\/wp-content\/uploads\/2017\/02\/piscine-crf-1024x386.jpg 1024w\" sizes=\"(max-width: 801px) 100vw, 801px\" \/><\/p>\n","protected":false},"excerpt":{"rendered":"<p>Restructuration &amp; extension du Centre de R\u00e9\u00e9ducation Fonctionnelle de 60 lits \u00e0 Vals-les-Bains Cr\u00e9ation d\u2019une unit\u00e9 de 60 lits avec plateau technique de soins de 1 000 m\u00b2, radiologie, restauration, lingerie etc. , en restructuration-extension. Cette r\u00e9alisation, \u00e0 flanc de montagne, d\u00e9senclave tout l\u2019h\u00f4pital et restructure l\u2019urbanisme du site. Chantier complexe avec notamment une piscine [&hellip;]<\/p>\n","protected":false},"author":1,"featured_media":237,"comment_status":"closed","ping_status":"closed","sticky":false,"template":"","format":"standard","meta":{"footnotes":""},"categories":[8,5],"tags":[],"_links":{"self":[{"href":"http:\/\/www.dessus.org\/site\/wp-json\/wp\/v2\/posts\/233"}],"collection":[{"href":"http:\/\/www.dessus.org\/site\/wp-json\/wp\/v2\/posts"}],"about":[{"href":"http:\/\/www.dessus.org\/site\/wp-json\/wp\/v2\/types\/post"}],"author":[{"embeddable":true,"href":"http:\/\/www.dessus.org\/site\/wp-json\/wp\/v2\/users\/1"}],"replies":[{"embeddable":true,"href":"http:\/\/www.dessus.org\/site\/wp-json\/wp\/v2\/comments?post=233"}],"version-history":[{"count":11,"href":"http:\/\/www.dessus.org\/site\/wp-json\/wp\/v2\/posts\/233\/revisions"}],"predecessor-version":[{"id":1235,"href":"http:\/\/www.dessus.org\/site\/wp-json\/wp\/v2\/posts\/233\/revisions\/1235"}],"wp:featuredmedia":[{"embeddable":true,"href":"http:\/\/www.dessus.org\/site\/wp-json\/wp\/v2\/media\/237"}],"wp:attachment":[{"href":"http:\/\/www.dessus.org\/site\/wp-json\/wp\/v2\/media?parent=233"}],"wp:term":[{"taxonomy":"category","embeddable":true,"href":"http:\/\/www.dessus.org\/site\/wp-json\/wp\/v2\/categories?post=233"},{"taxonomy":"post_tag","embeddable":true,"href":"http:\/\/www.dessus.org\/site\/wp-json\/wp\/v2\/tags?post=233"}],"curies":[{"name":"wp","href":"https:\/\/api.w.org\/{rel}","templated":true}]}}