
{"id":263,"date":"2017-02-14T17:13:18","date_gmt":"2017-02-14T16:13:18","guid":{"rendered":"http:\/\/dessusorav.cluster020.hosting.ovh.net\/site\/?p=263"},"modified":"2017-11-02T10:38:05","modified_gmt":"2017-11-02T09:38:05","slug":"complexe-scolaire-st-cirgues-en-montagne-07","status":"publish","type":"post","link":"http:\/\/www.dessus.org\/site\/2017\/02\/14\/complexe-scolaire-st-cirgues-en-montagne-07\/","title":{"rendered":"Complexe scolaire, St Cirgues en Montagne (07)"},"content":{"rendered":"<p style=\"text-align: justify;\"><strong><em>\u00c9clats de ciel,<\/em><\/strong><\/p>\n<p style=\"text-align: justify;\"><strong><em>Rivi\u00e8re et chemin s\u2019enlacent<\/em><\/strong><\/p>\n<p style=\"text-align: justify;\"><strong><em>R\u00eaves d\u2019arbres \u2026<\/em><\/strong><\/p>\n<p style=\"text-align: justify;\">Le site naturel remarquable \u00e0 pr\u00e9server, la forte d\u00e9clivit\u00e9 du terrain, la m\u00e9t\u00e9o difficile, l\u2019obligation de performance, n\u2019ont pas \u00e9t\u00e9 vues comme des contraintes mais comme des opportunit\u00e9s. Nous avons voulu tirer parti de l\u2019ensemble de ces caract\u00e9ristiques \u00ab\u00a0difficiles\u00a0\u00bb pour concevoir un coll\u00e8ge extra-ordinaire, po\u00e9tique, onirique, mais \u00e9galement extr\u00eamement performant et \u00e9conomique \u00e0 l\u2019usage.<\/p>\n<p style=\"text-align: justify;\">B\u00e2timent sculpture, for\u00eat d\u2019acier douce mais indestructible englobant un coll\u00e8ge de bois, organis\u00e9 autour d\u2019un atrium central baign\u00e9 de lumi\u00e8re naturelle. C\u2019est une v\u00e9ritable \u0153uvre d\u2019art, prouesse architecturale et technique, qui joue sur les contrastes et le dialogue entre la rugosit\u00e9 des mat\u00e9riaux bruts ext\u00e9rieurs et la chaleur des arborescences de la cath\u00e9drale de bois int\u00e9rieure.<\/p>\n<p><em>Ma\u00eetrise d\u2019Ouvrage :<\/em> Conseil G\u00e9n\u00e9ral de l\u2019Ard\u00e8che<br \/>\n<em>Architecte mandataire :<\/em> Denis DESSUS &#8211; <em>Architecte associ\u00e9 :<\/em> Patrick RABIER<\/p>\n<p>Concours en 2011 (projet non laur\u00e9at)<\/p>\n<p><img loading=\"lazy\" decoding=\"async\" class=\"wp-image-265 alignleft\" src=\"http:\/\/dessusorav.cluster020.hosting.ovh.net\/site\/wp-content\/uploads\/2017\/02\/pers004.jpg\" width=\"801\" height=\"503\" srcset=\"http:\/\/www.dessus.org\/site\/wp-content\/uploads\/2017\/02\/pers004.jpg 1000w, http:\/\/www.dessus.org\/site\/wp-content\/uploads\/2017\/02\/pers004-300x188.jpg 300w, http:\/\/www.dessus.org\/site\/wp-content\/uploads\/2017\/02\/pers004-768x482.jpg 768w\" sizes=\"(max-width: 801px) 100vw, 801px\" \/><\/p>\n<p style=\"text-align: justify;\"><img loading=\"lazy\" decoding=\"async\" class=\"wp-image-264 alignleft\" src=\"http:\/\/dessusorav.cluster020.hosting.ovh.net\/site\/wp-content\/uploads\/2017\/02\/fa\u00feade-sud.jpg\" width=\"800\" height=\"468\" srcset=\"http:\/\/www.dessus.org\/site\/wp-content\/uploads\/2017\/02\/fa\u00feade-sud.jpg 1000w, http:\/\/www.dessus.org\/site\/wp-content\/uploads\/2017\/02\/fa\u00feade-sud-300x176.jpg 300w, http:\/\/www.dessus.org\/site\/wp-content\/uploads\/2017\/02\/fa\u00feade-sud-768x449.jpg 768w\" sizes=\"(max-width: 800px) 100vw, 800px\" \/><\/p>\n<p style=\"text-align: justify;\"><img loading=\"lazy\" decoding=\"async\" class=\"wp-image-267 alignleft\" src=\"http:\/\/dessusorav.cluster020.hosting.ovh.net\/site\/wp-content\/uploads\/2017\/02\/fa\u00feade-est.jpg\" width=\"801\" height=\"353\" srcset=\"http:\/\/www.dessus.org\/site\/wp-content\/uploads\/2017\/02\/fa\u00feade-est.jpg 1000w, http:\/\/www.dessus.org\/site\/wp-content\/uploads\/2017\/02\/fa\u00feade-est-300x132.jpg 300w, http:\/\/www.dessus.org\/site\/wp-content\/uploads\/2017\/02\/fa\u00feade-est-768x338.jpg 768w\" sizes=\"(max-width: 801px) 100vw, 801px\" \/><\/p>\n<p style=\"text-align: justify;\"><img loading=\"lazy\" decoding=\"async\" class=\"wp-image-268 alignleft\" src=\"http:\/\/dessusorav.cluster020.hosting.ovh.net\/site\/wp-content\/uploads\/2017\/02\/fa\u00feade-ouest.jpg\" width=\"800\" height=\"489\" srcset=\"http:\/\/www.dessus.org\/site\/wp-content\/uploads\/2017\/02\/fa\u00feade-ouest.jpg 1000w, http:\/\/www.dessus.org\/site\/wp-content\/uploads\/2017\/02\/fa\u00feade-ouest-300x183.jpg 300w, http:\/\/www.dessus.org\/site\/wp-content\/uploads\/2017\/02\/fa\u00feade-ouest-768x469.jpg 768w\" sizes=\"(max-width: 800px) 100vw, 800px\" \/><\/p>\n","protected":false},"excerpt":{"rendered":"<p>\u00c9clats de ciel, Rivi\u00e8re et chemin s\u2019enlacent R\u00eaves d\u2019arbres \u2026 Le site naturel remarquable \u00e0 pr\u00e9server, la forte d\u00e9clivit\u00e9 du terrain, la m\u00e9t\u00e9o difficile, l\u2019obligation de performance, n\u2019ont pas \u00e9t\u00e9 vues comme des contraintes mais comme des opportunit\u00e9s. Nous avons voulu tirer parti de l\u2019ensemble de ces caract\u00e9ristiques \u00ab\u00a0difficiles\u00a0\u00bb pour concevoir un coll\u00e8ge extra-ordinaire, po\u00e9tique, [&hellip;]<\/p>\n","protected":false},"author":1,"featured_media":265,"comment_status":"closed","ping_status":"closed","sticky":false,"template":"","format":"standard","meta":{"footnotes":""},"categories":[6,4],"tags":[],"_links":{"self":[{"href":"http:\/\/www.dessus.org\/site\/wp-json\/wp\/v2\/posts\/263"}],"collection":[{"href":"http:\/\/www.dessus.org\/site\/wp-json\/wp\/v2\/posts"}],"about":[{"href":"http:\/\/www.dessus.org\/site\/wp-json\/wp\/v2\/types\/post"}],"author":[{"embeddable":true,"href":"http:\/\/www.dessus.org\/site\/wp-json\/wp\/v2\/users\/1"}],"replies":[{"embeddable":true,"href":"http:\/\/www.dessus.org\/site\/wp-json\/wp\/v2\/comments?post=263"}],"version-history":[{"count":12,"href":"http:\/\/www.dessus.org\/site\/wp-json\/wp\/v2\/posts\/263\/revisions"}],"predecessor-version":[{"id":1271,"href":"http:\/\/www.dessus.org\/site\/wp-json\/wp\/v2\/posts\/263\/revisions\/1271"}],"wp:featuredmedia":[{"embeddable":true,"href":"http:\/\/www.dessus.org\/site\/wp-json\/wp\/v2\/media\/265"}],"wp:attachment":[{"href":"http:\/\/www.dessus.org\/site\/wp-json\/wp\/v2\/media?parent=263"}],"wp:term":[{"taxonomy":"category","embeddable":true,"href":"http:\/\/www.dessus.org\/site\/wp-json\/wp\/v2\/categories?post=263"},{"taxonomy":"post_tag","embeddable":true,"href":"http:\/\/www.dessus.org\/site\/wp-json\/wp\/v2\/tags?post=263"}],"curies":[{"name":"wp","href":"https:\/\/api.w.org\/{rel}","templated":true}]}}