
{"id":270,"date":"2017-02-14T17:16:10","date_gmt":"2017-02-14T16:16:10","guid":{"rendered":"http:\/\/dessusorav.cluster020.hosting.ovh.net\/site\/?p=270"},"modified":"2024-05-15T10:23:14","modified_gmt":"2024-05-15T08:23:14","slug":"gymnase-les-vans-07","status":"publish","type":"post","link":"http:\/\/www.dessus.org\/site\/2017\/02\/14\/gymnase-les-vans-07\/","title":{"rendered":"Gymnase, Les Vans (07)"},"content":{"rendered":"<p><strong>Construction du gymnase &amp; du tennis-club des Vans<\/strong><\/p>\n<p style=\"text-align: justify;\">Cette op\u00e9ration HQE allie ossature et parement bois au b\u00e9ton brut. Le programme comprend une grande salle multi-sports et un dojo. L\u2019utilisation du bois cr\u00e9e des ambiances chaleureuses.<\/p>\n<p style=\"text-align: justify;\">Ext\u00e9rieurement le bloc en bois, encastr\u00e9 dans le talus du stade \u00e9vite la perception d\u2019un volume trop massif. les architectes ont \u00e9galement r\u00e9alis\u00e9 le club de tennis avec 6 courts ext\u00e9rieurs, club-house, vestiaires etc en bardage bois.<\/p>\n<p><em>Montant op\u00e9ration :<\/em> 3 000 000 \u20ac HT<\/p>\n<p><em>Ma\u00eetre d&rsquo;Ouvrage :<\/em> SIDOM des Vans<br \/>\n<em>Ma\u00eetre d&rsquo;\u0152uvre :<\/em> Denis DESSUS et Fran\u00e7ois ROSELL Architectes<\/p>\n<p><em>Mission :<\/em> Base + EXE<br \/>\n<em>Surface :<\/em> 2 800 m\u00b2<br \/>\nLivraison 2009<\/p>\n<p><img loading=\"lazy\" decoding=\"async\" class=\" wp-image-272 alignleft\" src=\"http:\/\/dessusorav.cluster020.hosting.ovh.net\/site\/wp-content\/uploads\/2017\/02\/vue-generalegymlesvans.jpg\" alt=\"\" width=\"800\" height=\"577\" srcset=\"http:\/\/www.dessus.org\/site\/wp-content\/uploads\/2017\/02\/vue-generalegymlesvans.jpg 850w, http:\/\/www.dessus.org\/site\/wp-content\/uploads\/2017\/02\/vue-generalegymlesvans-300x216.jpg 300w, http:\/\/www.dessus.org\/site\/wp-content\/uploads\/2017\/02\/vue-generalegymlesvans-768x554.jpg 768w\" sizes=\"(max-width: 800px) 100vw, 800px\" \/><\/p>\n<p style=\"text-align: justify;\"><img loading=\"lazy\" decoding=\"async\" class=\"wp-image-273 alignleft\" src=\"http:\/\/dessusorav.cluster020.hosting.ovh.net\/site\/wp-content\/uploads\/2017\/02\/detail-les-vans.jpg\" width=\"800\" height=\"1065\" srcset=\"http:\/\/www.dessus.org\/site\/wp-content\/uploads\/2017\/02\/detail-les-vans.jpg 638w, http:\/\/www.dessus.org\/site\/wp-content\/uploads\/2017\/02\/detail-les-vans-225x300.jpg 225w\" sizes=\"(max-width: 800px) 100vw, 800px\" \/><\/p>\n<p style=\"text-align: justify;\"><img loading=\"lazy\" decoding=\"async\" class=\"wp-image-274 alignleft\" src=\"http:\/\/dessusorav.cluster020.hosting.ovh.net\/site\/wp-content\/uploads\/2017\/02\/entree-gym-les-vans.jpg\" width=\"801\" height=\"600\" srcset=\"http:\/\/www.dessus.org\/site\/wp-content\/uploads\/2017\/02\/entree-gym-les-vans.jpg 794w, http:\/\/www.dessus.org\/site\/wp-content\/uploads\/2017\/02\/entree-gym-les-vans-300x225.jpg 300w, http:\/\/www.dessus.org\/site\/wp-content\/uploads\/2017\/02\/entree-gym-les-vans-768x576.jpg 768w\" sizes=\"(max-width: 801px) 100vw, 801px\" \/><\/p>\n<p style=\"text-align: justify;\"><img loading=\"lazy\" decoding=\"async\" class=\"wp-image-271 alignleft\" src=\"http:\/\/dessusorav.cluster020.hosting.ovh.net\/site\/wp-content\/uploads\/2017\/02\/salle-gym-les-vans.jpg\" width=\"801\" height=\"601\" srcset=\"http:\/\/www.dessus.org\/site\/wp-content\/uploads\/2017\/02\/salle-gym-les-vans.jpg 900w, http:\/\/www.dessus.org\/site\/wp-content\/uploads\/2017\/02\/salle-gym-les-vans-300x225.jpg 300w, http:\/\/www.dessus.org\/site\/wp-content\/uploads\/2017\/02\/salle-gym-les-vans-768x576.jpg 768w\" sizes=\"(max-width: 801px) 100vw, 801px\" \/><\/p>\n","protected":false},"excerpt":{"rendered":"<p>Construction du gymnase &amp; du tennis-club des Vans Cette op\u00e9ration HQE allie ossature et parement bois au b\u00e9ton brut. Le programme comprend une grande salle multi-sports et un dojo. L\u2019utilisation du bois cr\u00e9e des ambiances chaleureuses. Ext\u00e9rieurement le bloc en bois, encastr\u00e9 dans le talus du stade \u00e9vite la perception d\u2019un volume trop massif. les [&hellip;]<\/p>\n","protected":false},"author":1,"featured_media":273,"comment_status":"closed","ping_status":"closed","sticky":false,"template":"","format":"standard","meta":{"footnotes":""},"categories":[7],"tags":[],"_links":{"self":[{"href":"http:\/\/www.dessus.org\/site\/wp-json\/wp\/v2\/posts\/270"}],"collection":[{"href":"http:\/\/www.dessus.org\/site\/wp-json\/wp\/v2\/posts"}],"about":[{"href":"http:\/\/www.dessus.org\/site\/wp-json\/wp\/v2\/types\/post"}],"author":[{"embeddable":true,"href":"http:\/\/www.dessus.org\/site\/wp-json\/wp\/v2\/users\/1"}],"replies":[{"embeddable":true,"href":"http:\/\/www.dessus.org\/site\/wp-json\/wp\/v2\/comments?post=270"}],"version-history":[{"count":6,"href":"http:\/\/www.dessus.org\/site\/wp-json\/wp\/v2\/posts\/270\/revisions"}],"predecessor-version":[{"id":1231,"href":"http:\/\/www.dessus.org\/site\/wp-json\/wp\/v2\/posts\/270\/revisions\/1231"}],"wp:featuredmedia":[{"embeddable":true,"href":"http:\/\/www.dessus.org\/site\/wp-json\/wp\/v2\/media\/273"}],"wp:attachment":[{"href":"http:\/\/www.dessus.org\/site\/wp-json\/wp\/v2\/media?parent=270"}],"wp:term":[{"taxonomy":"category","embeddable":true,"href":"http:\/\/www.dessus.org\/site\/wp-json\/wp\/v2\/categories?post=270"},{"taxonomy":"post_tag","embeddable":true,"href":"http:\/\/www.dessus.org\/site\/wp-json\/wp\/v2\/tags?post=270"}],"curies":[{"name":"wp","href":"https:\/\/api.w.org\/{rel}","templated":true}]}}