
{"id":292,"date":"2017-02-14T17:28:21","date_gmt":"2017-02-14T16:28:21","guid":{"rendered":"http:\/\/dessusorav.cluster020.hosting.ovh.net\/site\/?p=292"},"modified":"2024-05-15T12:23:10","modified_gmt":"2024-05-15T10:23:10","slug":"spa-thermes-de-neyrac-les-bains-07","status":"publish","type":"post","link":"http:\/\/www.dessus.org\/site\/2017\/02\/14\/spa-thermes-de-neyrac-les-bains-07\/","title":{"rendered":"R\u00e9sidence Spa, Neyrac-les-Bains (07)"},"content":{"rendered":"<p><strong>Construction HQE de la r\u00e9sidence Spa au complexe thermal de Neyrac-les-Bains<\/strong><\/p>\n<p>Apr\u00e8s les thermes et la r\u00e9sidence, l\u2019agence a con\u00e7u le spa, centre de soins et remise en forme, et la deuxi\u00e8me r\u00e9sidence thermale. Ce b\u00e2timent spectaculaire, surplombant le parc et reli\u00e9 aux thermes, \u00e9tonne par les limites impr\u00e9cises entre b\u00e2ti et non b\u00e2ti, v\u00e9g\u00e9tal et min\u00e9ral. Compacit\u00e9 et mat\u00e9riaux sains, utilisation massive du bois en fa\u00e7ade et dans les appartements, caract\u00e9risent le dernier opus de l\u2019intervention de l\u2019agence \u00e0 Neyrac-les-Bains.<\/p>\n<p><em>Montant op\u00e9ration :<\/em> 2 500 000 \u20ac HT<\/p>\n<p><em>Ma\u00eetre d&rsquo;ouvrage :<\/em> SITHERE (J-F. TERRISSE, Directeur)<br \/>\n<em>Architecte mandataire :<\/em> Denis DESSUS<\/p>\n<p><em>Mission :<\/em> Base + EXE + OPC<br \/>\n<em>Surface :<\/em> 1 500 m\u00b2<br \/>\nLivraison 2009<\/p>\n<p style=\"text-align: justify;\"><img loading=\"lazy\" decoding=\"async\" class=\" wp-image-295 alignleft\" src=\"http:\/\/dessusorav.cluster020.hosting.ovh.net\/site\/wp-content\/uploads\/2017\/02\/natural-spa-neyrac2007.jpg\" alt=\"\" width=\"800\" height=\"532\" srcset=\"http:\/\/www.dessus.org\/site\/wp-content\/uploads\/2017\/02\/natural-spa-neyrac2007.jpg 886w, http:\/\/www.dessus.org\/site\/wp-content\/uploads\/2017\/02\/natural-spa-neyrac2007-300x199.jpg 300w, http:\/\/www.dessus.org\/site\/wp-content\/uploads\/2017\/02\/natural-spa-neyrac2007-768x511.jpg 768w\" sizes=\"(max-width: 800px) 100vw, 800px\" \/><\/p>\n<p style=\"text-align: justify;\"><img loading=\"lazy\" decoding=\"async\" class=\" wp-image-294 alignleft\" src=\"http:\/\/dessusorav.cluster020.hosting.ovh.net\/site\/wp-content\/uploads\/2017\/02\/res.neyrac.light_.jpg\" alt=\"\" width=\"799\" height=\"599\" srcset=\"http:\/\/www.dessus.org\/site\/wp-content\/uploads\/2017\/02\/res.neyrac.light_.jpg 900w, http:\/\/www.dessus.org\/site\/wp-content\/uploads\/2017\/02\/res.neyrac.light_-300x225.jpg 300w, http:\/\/www.dessus.org\/site\/wp-content\/uploads\/2017\/02\/res.neyrac.light_-768x576.jpg 768w\" sizes=\"(max-width: 799px) 100vw, 799px\" \/><\/p>\n<p style=\"text-align: justify;\"><img loading=\"lazy\" decoding=\"async\" class=\"wp-image-293 alignleft\" src=\"http:\/\/dessusorav.cluster020.hosting.ovh.net\/site\/wp-content\/uploads\/2017\/02\/natural-spa.jpg\" width=\"800\" height=\"1200\" srcset=\"http:\/\/www.dessus.org\/site\/wp-content\/uploads\/2017\/02\/natural-spa.jpg 1273w, http:\/\/www.dessus.org\/site\/wp-content\/uploads\/2017\/02\/natural-spa-200x300.jpg 200w, http:\/\/www.dessus.org\/site\/wp-content\/uploads\/2017\/02\/natural-spa-768x1152.jpg 768w, http:\/\/www.dessus.org\/site\/wp-content\/uploads\/2017\/02\/natural-spa-683x1024.jpg 683w\" sizes=\"(max-width: 800px) 100vw, 800px\" \/><\/p>\n","protected":false},"excerpt":{"rendered":"<p>Construction HQE de la r\u00e9sidence Spa au complexe thermal de Neyrac-les-Bains Apr\u00e8s les thermes et la r\u00e9sidence, l\u2019agence a con\u00e7u le spa, centre de soins et remise en forme, et la deuxi\u00e8me r\u00e9sidence thermale. Ce b\u00e2timent spectaculaire, surplombant le parc et reli\u00e9 aux thermes, \u00e9tonne par les limites impr\u00e9cises entre b\u00e2ti et non b\u00e2ti, v\u00e9g\u00e9tal [&hellip;]<\/p>\n","protected":false},"author":1,"featured_media":295,"comment_status":"closed","ping_status":"closed","sticky":false,"template":"","format":"standard","meta":{"footnotes":""},"categories":[7,4],"tags":[],"_links":{"self":[{"href":"http:\/\/www.dessus.org\/site\/wp-json\/wp\/v2\/posts\/292"}],"collection":[{"href":"http:\/\/www.dessus.org\/site\/wp-json\/wp\/v2\/posts"}],"about":[{"href":"http:\/\/www.dessus.org\/site\/wp-json\/wp\/v2\/types\/post"}],"author":[{"embeddable":true,"href":"http:\/\/www.dessus.org\/site\/wp-json\/wp\/v2\/users\/1"}],"replies":[{"embeddable":true,"href":"http:\/\/www.dessus.org\/site\/wp-json\/wp\/v2\/comments?post=292"}],"version-history":[{"count":9,"href":"http:\/\/www.dessus.org\/site\/wp-json\/wp\/v2\/posts\/292\/revisions"}],"predecessor-version":[{"id":1690,"href":"http:\/\/www.dessus.org\/site\/wp-json\/wp\/v2\/posts\/292\/revisions\/1690"}],"wp:featuredmedia":[{"embeddable":true,"href":"http:\/\/www.dessus.org\/site\/wp-json\/wp\/v2\/media\/295"}],"wp:attachment":[{"href":"http:\/\/www.dessus.org\/site\/wp-json\/wp\/v2\/media?parent=292"}],"wp:term":[{"taxonomy":"category","embeddable":true,"href":"http:\/\/www.dessus.org\/site\/wp-json\/wp\/v2\/categories?post=292"},{"taxonomy":"post_tag","embeddable":true,"href":"http:\/\/www.dessus.org\/site\/wp-json\/wp\/v2\/tags?post=292"}],"curies":[{"name":"wp","href":"https:\/\/api.w.org\/{rel}","templated":true}]}}