
{"id":354,"date":"2017-02-15T11:32:06","date_gmt":"2017-02-15T10:32:06","guid":{"rendered":"http:\/\/dessusorav.cluster020.hosting.ovh.net\/site\/?p=354"},"modified":"2017-10-31T12:11:26","modified_gmt":"2017-10-31T11:11:26","slug":"ehpad-thones","status":"publish","type":"post","link":"http:\/\/www.dessus.org\/site\/2017\/02\/15\/ehpad-thones\/","title":{"rendered":"EHPAD, Les Villards \/ Th. (74)"},"content":{"rendered":"<p><strong>Construction et restructuration de l&rsquo;EHPAD BBC \u00e0 Les Villards-sur-Th\u00f4nes<\/strong><\/p>\n<p><em>Programme :<\/em> 94 lits, 73 lits neufs et 21 r\u00e9habilit\u00e9s, 2 unit\u00e9s Alzheimer, accueil de jour, PASA, BBC, chaufferie bois<\/p>\n<p><em>Montant op\u00e9ration :<\/em> 8 000 000 \u20ac HT<\/p>\n<p><em>Ma\u00eetre d\u2019Ouvrage :<\/em> EHPAD Joseph Avet<br \/>\n<em>Architecte mandataire :<\/em> Denis DESSUS &#8211;\u00a0<em>Architecte associ\u00e9 :<\/em> IN EXTENSO<br \/>\n<em>\u00c9quipe Ma\u00eetrise d\u2019\u0152uvre :<\/em> Fluides : Brun \/ Economie : 3D Ing\u00e9nierie \/ Structure : Ingesab \/ Ergonomie : Handigo<\/p>\n<p><em>Mission :<\/em> Base + EXE + HQE + Ergonomie<br \/>\n<em>Surface :<\/em> 4 000 m\u00b2<br \/>\nLaur\u00e9at concours 2011<\/p>\n<p><img loading=\"lazy\" decoding=\"async\" class=\"wp-image-355 alignleft\" src=\"http:\/\/dessusorav.cluster020.hosting.ovh.net\/site\/wp-content\/uploads\/2017\/02\/pers.thones.png\" width=\"801\" height=\"471\" srcset=\"http:\/\/www.dessus.org\/site\/wp-content\/uploads\/2017\/02\/pers.thones.png 1002w, http:\/\/www.dessus.org\/site\/wp-content\/uploads\/2017\/02\/pers.thones-300x176.png 300w, http:\/\/www.dessus.org\/site\/wp-content\/uploads\/2017\/02\/pers.thones-768x451.png 768w\" sizes=\"(max-width: 801px) 100vw, 801px\" \/><\/p>\n<p><img loading=\"lazy\" decoding=\"async\" class=\"wp-image-356 alignleft\" src=\"http:\/\/dessusorav.cluster020.hosting.ovh.net\/site\/wp-content\/uploads\/2017\/02\/coupe.thones.png\" width=\"801\" height=\"371\" srcset=\"http:\/\/www.dessus.org\/site\/wp-content\/uploads\/2017\/02\/coupe.thones.png 1435w, http:\/\/www.dessus.org\/site\/wp-content\/uploads\/2017\/02\/coupe.thones-300x139.png 300w, http:\/\/www.dessus.org\/site\/wp-content\/uploads\/2017\/02\/coupe.thones-768x356.png 768w, http:\/\/www.dessus.org\/site\/wp-content\/uploads\/2017\/02\/coupe.thones-1024x475.png 1024w\" sizes=\"(max-width: 801px) 100vw, 801px\" \/><\/p>\n","protected":false},"excerpt":{"rendered":"<p>Construction et restructuration de l&rsquo;EHPAD BBC \u00e0 Les Villards-sur-Th\u00f4nes Programme : 94 lits, 73 lits neufs et 21 r\u00e9habilit\u00e9s, 2 unit\u00e9s Alzheimer, accueil de jour, PASA, BBC, chaufferie bois Montant op\u00e9ration : 8 000 000 \u20ac HT Ma\u00eetre d\u2019Ouvrage : EHPAD Joseph Avet Architecte mandataire : Denis DESSUS &#8211;\u00a0Architecte associ\u00e9 : IN EXTENSO \u00c9quipe Ma\u00eetrise [&hellip;]<\/p>\n","protected":false},"author":1,"featured_media":355,"comment_status":"closed","ping_status":"closed","sticky":false,"template":"","format":"standard","meta":{"footnotes":""},"categories":[5,4],"tags":[],"_links":{"self":[{"href":"http:\/\/www.dessus.org\/site\/wp-json\/wp\/v2\/posts\/354"}],"collection":[{"href":"http:\/\/www.dessus.org\/site\/wp-json\/wp\/v2\/posts"}],"about":[{"href":"http:\/\/www.dessus.org\/site\/wp-json\/wp\/v2\/types\/post"}],"author":[{"embeddable":true,"href":"http:\/\/www.dessus.org\/site\/wp-json\/wp\/v2\/users\/1"}],"replies":[{"embeddable":true,"href":"http:\/\/www.dessus.org\/site\/wp-json\/wp\/v2\/comments?post=354"}],"version-history":[{"count":18,"href":"http:\/\/www.dessus.org\/site\/wp-json\/wp\/v2\/posts\/354\/revisions"}],"predecessor-version":[{"id":1218,"href":"http:\/\/www.dessus.org\/site\/wp-json\/wp\/v2\/posts\/354\/revisions\/1218"}],"wp:featuredmedia":[{"embeddable":true,"href":"http:\/\/www.dessus.org\/site\/wp-json\/wp\/v2\/media\/355"}],"wp:attachment":[{"href":"http:\/\/www.dessus.org\/site\/wp-json\/wp\/v2\/media?parent=354"}],"wp:term":[{"taxonomy":"category","embeddable":true,"href":"http:\/\/www.dessus.org\/site\/wp-json\/wp\/v2\/categories?post=354"},{"taxonomy":"post_tag","embeddable":true,"href":"http:\/\/www.dessus.org\/site\/wp-json\/wp\/v2\/tags?post=354"}],"curies":[{"name":"wp","href":"https:\/\/api.w.org\/{rel}","templated":true}]}}