
{"id":373,"date":"2017-02-15T11:48:48","date_gmt":"2017-02-15T10:48:48","guid":{"rendered":"http:\/\/dessusorav.cluster020.hosting.ovh.net\/site\/?p=373"},"modified":"2024-05-15T10:22:49","modified_gmt":"2024-05-15T08:22:49","slug":"complexe-multi-sports-espalion-12","status":"publish","type":"post","link":"http:\/\/www.dessus.org\/site\/2017\/02\/15\/complexe-multi-sports-espalion-12\/","title":{"rendered":"Complexe multi-sports, Espalion (12)"},"content":{"rendered":"<p style=\"text-align: justify;\">Un gymnase n\u2019a pas qu\u2019une dimension fonctionnelle, ce n\u2019est pas qu\u2019un outil pour une bonne pratique sportive. Ce doit \u00eatre \u00e9galement <strong>un lieu de vie sociale, convivial, et chaleureux<\/strong>, porteur d\u2019une image valorisante pour la commune et ses habitants.<\/p>\n<p style=\"text-align: justify;\">Nous avons recherch\u00e9 \u00e9galement <strong>une insertion douce du b\u00e2timent dans le paysage<\/strong>, et une interaction directe avec le cadre paysager qui l\u2019entoure.<\/p>\n<p>Concours en 2013 (projet non laur\u00e9at)<\/p>\n<p style=\"text-align: justify;\"><img loading=\"lazy\" decoding=\"async\" class=\"wp-image-374 alignleft\" src=\"http:\/\/dessusorav.cluster020.hosting.ovh.net\/site\/wp-content\/uploads\/2017\/02\/PERS_ENTREE.jpg\" width=\"799\" height=\"349\" srcset=\"http:\/\/www.dessus.org\/site\/wp-content\/uploads\/2017\/02\/PERS_ENTREE.jpg 1600w, http:\/\/www.dessus.org\/site\/wp-content\/uploads\/2017\/02\/PERS_ENTREE-300x131.jpg 300w, http:\/\/www.dessus.org\/site\/wp-content\/uploads\/2017\/02\/PERS_ENTREE-768x336.jpg 768w, http:\/\/www.dessus.org\/site\/wp-content\/uploads\/2017\/02\/PERS_ENTREE-1024x447.jpg 1024w\" sizes=\"(max-width: 799px) 100vw, 799px\" \/><\/p>\n<p style=\"text-align: justify;\"><img loading=\"lazy\" decoding=\"async\" class=\"wp-image-377 alignleft\" src=\"http:\/\/dessusorav.cluster020.hosting.ovh.net\/site\/wp-content\/uploads\/2017\/02\/CCRS-ESPALION-01-PLAN-DE-MASSE_500.jpg\" width=\"800\" height=\"570\" srcset=\"http:\/\/www.dessus.org\/site\/wp-content\/uploads\/2017\/02\/CCRS-ESPALION-01-PLAN-DE-MASSE_500.jpg 870w, http:\/\/www.dessus.org\/site\/wp-content\/uploads\/2017\/02\/CCRS-ESPALION-01-PLAN-DE-MASSE_500-300x214.jpg 300w, http:\/\/www.dessus.org\/site\/wp-content\/uploads\/2017\/02\/CCRS-ESPALION-01-PLAN-DE-MASSE_500-768x547.jpg 768w\" sizes=\"(max-width: 800px) 100vw, 800px\" \/><\/p>\n<p style=\"text-align: justify;\"><img loading=\"lazy\" decoding=\"async\" class=\"wp-image-376 alignleft\" src=\"http:\/\/dessusorav.cluster020.hosting.ovh.net\/site\/wp-content\/uploads\/2017\/02\/3Despalion_coupe.jpg\" width=\"800\" height=\"439\" srcset=\"http:\/\/www.dessus.org\/site\/wp-content\/uploads\/2017\/02\/3Despalion_coupe.jpg 1550w, http:\/\/www.dessus.org\/site\/wp-content\/uploads\/2017\/02\/3Despalion_coupe-300x165.jpg 300w, http:\/\/www.dessus.org\/site\/wp-content\/uploads\/2017\/02\/3Despalion_coupe-768x422.jpg 768w, http:\/\/www.dessus.org\/site\/wp-content\/uploads\/2017\/02\/3Despalion_coupe-1024x562.jpg 1024w\" sizes=\"(max-width: 800px) 100vw, 800px\" \/><\/p>\n<p style=\"text-align: justify;\"><img loading=\"lazy\" decoding=\"async\" class=\"wp-image-375 alignleft\" src=\"http:\/\/dessusorav.cluster020.hosting.ovh.net\/site\/wp-content\/uploads\/2017\/02\/PERS_INTERIEURE.jpg\" width=\"799\" height=\"459\" srcset=\"http:\/\/www.dessus.org\/site\/wp-content\/uploads\/2017\/02\/PERS_INTERIEURE.jpg 1200w, http:\/\/www.dessus.org\/site\/wp-content\/uploads\/2017\/02\/PERS_INTERIEURE-300x172.jpg 300w, http:\/\/www.dessus.org\/site\/wp-content\/uploads\/2017\/02\/PERS_INTERIEURE-768x441.jpg 768w, http:\/\/www.dessus.org\/site\/wp-content\/uploads\/2017\/02\/PERS_INTERIEURE-1024x588.jpg 1024w\" sizes=\"(max-width: 799px) 100vw, 799px\" \/><\/p>\n","protected":false},"excerpt":{"rendered":"<p>Un gymnase n\u2019a pas qu\u2019une dimension fonctionnelle, ce n\u2019est pas qu\u2019un outil pour une bonne pratique sportive. Ce doit \u00eatre \u00e9galement un lieu de vie sociale, convivial, et chaleureux, porteur d\u2019une image valorisante pour la commune et ses habitants. Nous avons recherch\u00e9 \u00e9galement une insertion douce du b\u00e2timent dans le paysage, et une interaction directe [&hellip;]<\/p>\n","protected":false},"author":1,"featured_media":374,"comment_status":"closed","ping_status":"closed","sticky":false,"template":"","format":"standard","meta":{"footnotes":""},"categories":[7],"tags":[],"_links":{"self":[{"href":"http:\/\/www.dessus.org\/site\/wp-json\/wp\/v2\/posts\/373"}],"collection":[{"href":"http:\/\/www.dessus.org\/site\/wp-json\/wp\/v2\/posts"}],"about":[{"href":"http:\/\/www.dessus.org\/site\/wp-json\/wp\/v2\/types\/post"}],"author":[{"embeddable":true,"href":"http:\/\/www.dessus.org\/site\/wp-json\/wp\/v2\/users\/1"}],"replies":[{"embeddable":true,"href":"http:\/\/www.dessus.org\/site\/wp-json\/wp\/v2\/comments?post=373"}],"version-history":[{"count":4,"href":"http:\/\/www.dessus.org\/site\/wp-json\/wp\/v2\/posts\/373\/revisions"}],"predecessor-version":[{"id":997,"href":"http:\/\/www.dessus.org\/site\/wp-json\/wp\/v2\/posts\/373\/revisions\/997"}],"wp:featuredmedia":[{"embeddable":true,"href":"http:\/\/www.dessus.org\/site\/wp-json\/wp\/v2\/media\/374"}],"wp:attachment":[{"href":"http:\/\/www.dessus.org\/site\/wp-json\/wp\/v2\/media?parent=373"}],"wp:term":[{"taxonomy":"category","embeddable":true,"href":"http:\/\/www.dessus.org\/site\/wp-json\/wp\/v2\/categories?post=373"},{"taxonomy":"post_tag","embeddable":true,"href":"http:\/\/www.dessus.org\/site\/wp-json\/wp\/v2\/tags?post=373"}],"curies":[{"name":"wp","href":"https:\/\/api.w.org\/{rel}","templated":true}]}}