
{"id":379,"date":"2017-02-15T11:50:56","date_gmt":"2017-02-15T10:50:56","guid":{"rendered":"http:\/\/dessusorav.cluster020.hosting.ovh.net\/site\/?p=379"},"modified":"2017-10-31T12:09:20","modified_gmt":"2017-10-31T11:09:20","slug":"college-vallon-pont-darc-07","status":"publish","type":"post","link":"http:\/\/www.dessus.org\/site\/2017\/02\/15\/college-vallon-pont-darc-07\/","title":{"rendered":"Coll\u00e8ge, Vallon Pont d\u2019Arc (07)"},"content":{"rendered":"<p><em>\u00ab\u00a0Au c\u0153ur des rochers,<\/em><\/p>\n<p><em> Dispara\u00eet la rivi\u00e8re,<\/em><\/p>\n<p><em> Et surgit le pass\u00e9\u00a0\u00bb<\/em><\/p>\n<p><strong>Construction d&rsquo;un coll\u00e8ge BBC \u00e0 Vallon Pont d&rsquo;Arc<\/strong><\/p>\n<p><em>Montant op\u00e9ration :<\/em> 6 060 000 \u20ac HT<\/p>\n<p><em>Ma\u00eetre d&rsquo;Ouvrage :<\/em> D\u00e9partement de l&rsquo;Ard\u00e8che<br \/>\n<em>Architecte mandataire :<\/em> Denis DESSUS &#8211;\u00a0<em>Architecte associ\u00e9 :<\/em> Patrick Rabier<\/p>\n<p><em>Surface :<\/em> 4 700 m\u00b2<br \/>\nConcours en 2012 (projet non laur\u00e9at)<\/p>\n<p><img loading=\"lazy\" decoding=\"async\" class=\"wp-image-380 alignleft\" src=\"http:\/\/dessusorav.cluster020.hosting.ovh.net\/site\/wp-content\/uploads\/2017\/02\/Perspective_College_Vallon_V3.jpg\" width=\"800\" height=\"450\" srcset=\"http:\/\/www.dessus.org\/site\/wp-content\/uploads\/2017\/02\/Perspective_College_Vallon_V3.jpg 1400w, http:\/\/www.dessus.org\/site\/wp-content\/uploads\/2017\/02\/Perspective_College_Vallon_V3-300x169.jpg 300w, http:\/\/www.dessus.org\/site\/wp-content\/uploads\/2017\/02\/Perspective_College_Vallon_V3-768x432.jpg 768w, http:\/\/www.dessus.org\/site\/wp-content\/uploads\/2017\/02\/Perspective_College_Vallon_V3-1024x576.jpg 1024w\" sizes=\"(max-width: 800px) 100vw, 800px\" \/><\/p>\n","protected":false},"excerpt":{"rendered":"<p>\u00ab\u00a0Au c\u0153ur des rochers, Dispara\u00eet la rivi\u00e8re, Et surgit le pass\u00e9\u00a0\u00bb Construction d&rsquo;un coll\u00e8ge BBC \u00e0 Vallon Pont d&rsquo;Arc Montant op\u00e9ration : 6 060 000 \u20ac HT Ma\u00eetre d&rsquo;Ouvrage : D\u00e9partement de l&rsquo;Ard\u00e8che Architecte mandataire : Denis DESSUS &#8211;\u00a0Architecte associ\u00e9 : Patrick Rabier Surface : 4 700 m\u00b2 Concours en 2012 (projet non laur\u00e9at)<\/p>\n","protected":false},"author":1,"featured_media":380,"comment_status":"closed","ping_status":"closed","sticky":false,"template":"","format":"standard","meta":{"footnotes":""},"categories":[6],"tags":[],"_links":{"self":[{"href":"http:\/\/www.dessus.org\/site\/wp-json\/wp\/v2\/posts\/379"}],"collection":[{"href":"http:\/\/www.dessus.org\/site\/wp-json\/wp\/v2\/posts"}],"about":[{"href":"http:\/\/www.dessus.org\/site\/wp-json\/wp\/v2\/types\/post"}],"author":[{"embeddable":true,"href":"http:\/\/www.dessus.org\/site\/wp-json\/wp\/v2\/users\/1"}],"replies":[{"embeddable":true,"href":"http:\/\/www.dessus.org\/site\/wp-json\/wp\/v2\/comments?post=379"}],"version-history":[{"count":10,"href":"http:\/\/www.dessus.org\/site\/wp-json\/wp\/v2\/posts\/379\/revisions"}],"predecessor-version":[{"id":1214,"href":"http:\/\/www.dessus.org\/site\/wp-json\/wp\/v2\/posts\/379\/revisions\/1214"}],"wp:featuredmedia":[{"embeddable":true,"href":"http:\/\/www.dessus.org\/site\/wp-json\/wp\/v2\/media\/380"}],"wp:attachment":[{"href":"http:\/\/www.dessus.org\/site\/wp-json\/wp\/v2\/media?parent=379"}],"wp:term":[{"taxonomy":"category","embeddable":true,"href":"http:\/\/www.dessus.org\/site\/wp-json\/wp\/v2\/categories?post=379"},{"taxonomy":"post_tag","embeddable":true,"href":"http:\/\/www.dessus.org\/site\/wp-json\/wp\/v2\/tags?post=379"}],"curies":[{"name":"wp","href":"https:\/\/api.w.org\/{rel}","templated":true}]}}