
{"id":428,"date":"2017-10-10T15:13:11","date_gmt":"2017-10-10T13:13:11","guid":{"rendered":"http:\/\/dessusorav.cluster020.hosting.ovh.net\/site\/?p=428"},"modified":"2017-11-02T10:22:09","modified_gmt":"2017-11-02T09:22:09","slug":"cuisine-centrale-annecy-74","status":"publish","type":"post","link":"http:\/\/www.dessus.org\/site\/2017\/10\/10\/cuisine-centrale-annecy-74\/","title":{"rendered":"Cuisine centrale, Annecy (74)"},"content":{"rendered":"<p><strong>Construction de la cuisine centrale d&rsquo;Annecy<\/strong><\/p>\n<p>Production 5 000 \u00e0 5 500 repas \/ jour<br \/>\nForte compacit\u00e9, toiture v\u00e9g\u00e9talis\u00e9e trait\u00e9e comme une 4\u00e8me fa\u00e7ade vis-\u00e0-vis des immeubles \/ appartements des copropri\u00e9t\u00e9s voisines<\/p>\n<p><em>Montant op\u00e9ration :<\/em>\u00a05 320 000 \u20ac HT<\/p>\n<p><em>Ma\u00eetre d&rsquo;Ouvrage :<\/em> Ville d&rsquo;Annecy<br \/>\n<em>Architecte mandataire :<\/em> Denis DESSUS &#8211;\u00a0<em>Architecte associ\u00e9 :<\/em> IN EXTENSO Architectes<\/p>\n<p><em>Surface :<\/em>\u00a02 150 m\u00b2<br \/>\nConcours en 2013 (projet non laur\u00e9at)<\/p>\n<p><img loading=\"lazy\" decoding=\"async\" class=\"wp-image-429 alignleft\" src=\"http:\/\/dessusorav.cluster020.hosting.ovh.net\/site\/wp-content\/uploads\/2017\/02\/sol.jpg\" width=\"801\" height=\"345\" srcset=\"http:\/\/www.dessus.org\/site\/wp-content\/uploads\/2017\/02\/sol.jpg 1181w, http:\/\/www.dessus.org\/site\/wp-content\/uploads\/2017\/02\/sol-300x129.jpg 300w, http:\/\/www.dessus.org\/site\/wp-content\/uploads\/2017\/02\/sol-768x330.jpg 768w, http:\/\/www.dessus.org\/site\/wp-content\/uploads\/2017\/02\/sol-1024x440.jpg 1024w\" sizes=\"(max-width: 801px) 100vw, 801px\" \/><\/p>\n<p><img loading=\"lazy\" decoding=\"async\" class=\"wp-image-430 alignleft\" src=\"http:\/\/dessusorav.cluster020.hosting.ovh.net\/site\/wp-content\/uploads\/2017\/02\/a\u00darienne.jpg\" width=\"800\" height=\"539\" srcset=\"http:\/\/www.dessus.org\/site\/wp-content\/uploads\/2017\/02\/a\u00darienne.jpg 1181w, http:\/\/www.dessus.org\/site\/wp-content\/uploads\/2017\/02\/a\u00darienne-300x202.jpg 300w, http:\/\/www.dessus.org\/site\/wp-content\/uploads\/2017\/02\/a\u00darienne-768x518.jpg 768w, http:\/\/www.dessus.org\/site\/wp-content\/uploads\/2017\/02\/a\u00darienne-1024x690.jpg 1024w\" sizes=\"(max-width: 800px) 100vw, 800px\" \/><\/p>\n","protected":false},"excerpt":{"rendered":"<p>Construction de la cuisine centrale d&rsquo;Annecy Production 5 000 \u00e0 5 500 repas \/ jour Forte compacit\u00e9, toiture v\u00e9g\u00e9talis\u00e9e trait\u00e9e comme une 4\u00e8me fa\u00e7ade vis-\u00e0-vis des immeubles \/ appartements des copropri\u00e9t\u00e9s voisines Montant op\u00e9ration :\u00a05 320 000 \u20ac HT Ma\u00eetre d&rsquo;Ouvrage : Ville d&rsquo;Annecy Architecte mandataire : Denis DESSUS &#8211;\u00a0Architecte associ\u00e9 : IN EXTENSO Architectes [&hellip;]<\/p>\n","protected":false},"author":1,"featured_media":429,"comment_status":"closed","ping_status":"closed","sticky":false,"template":"","format":"standard","meta":{"footnotes":""},"categories":[8],"tags":[],"_links":{"self":[{"href":"http:\/\/www.dessus.org\/site\/wp-json\/wp\/v2\/posts\/428"}],"collection":[{"href":"http:\/\/www.dessus.org\/site\/wp-json\/wp\/v2\/posts"}],"about":[{"href":"http:\/\/www.dessus.org\/site\/wp-json\/wp\/v2\/types\/post"}],"author":[{"embeddable":true,"href":"http:\/\/www.dessus.org\/site\/wp-json\/wp\/v2\/users\/1"}],"replies":[{"embeddable":true,"href":"http:\/\/www.dessus.org\/site\/wp-json\/wp\/v2\/comments?post=428"}],"version-history":[{"count":14,"href":"http:\/\/www.dessus.org\/site\/wp-json\/wp\/v2\/posts\/428\/revisions"}],"predecessor-version":[{"id":1266,"href":"http:\/\/www.dessus.org\/site\/wp-json\/wp\/v2\/posts\/428\/revisions\/1266"}],"wp:featuredmedia":[{"embeddable":true,"href":"http:\/\/www.dessus.org\/site\/wp-json\/wp\/v2\/media\/429"}],"wp:attachment":[{"href":"http:\/\/www.dessus.org\/site\/wp-json\/wp\/v2\/media?parent=428"}],"wp:term":[{"taxonomy":"category","embeddable":true,"href":"http:\/\/www.dessus.org\/site\/wp-json\/wp\/v2\/categories?post=428"},{"taxonomy":"post_tag","embeddable":true,"href":"http:\/\/www.dessus.org\/site\/wp-json\/wp\/v2\/tags?post=428"}],"curies":[{"name":"wp","href":"https:\/\/api.w.org\/{rel}","templated":true}]}}