
{"id":64,"date":"2017-02-14T14:32:21","date_gmt":"2017-02-14T13:32:21","guid":{"rendered":"http:\/\/dessusorav.cluster020.hosting.ovh.net\/site\/?p=64"},"modified":"2024-05-02T16:57:24","modified_gmt":"2024-05-02T14:57:24","slug":"tour-maine-montparnasse-paris","status":"publish","type":"post","link":"http:\/\/www.dessus.org\/site\/2017\/02\/14\/tour-maine-montparnasse-paris\/","title":{"rendered":"Tour Maine Montparnasse, Paris (75)"},"content":{"rendered":"<p style=\"text-align: justify;\"><strong>L\u2019architecte<\/strong><\/p>\n<p style=\"text-align: justify;\">Denis DESSUS, apr\u00e8s avoir beaucoup \u00e9crit sur les tours et notamment les tours \u00e0 Paris, n\u2019a pas r\u00e9sist\u00e9 aux sondages pr\u00e9sentant la Tour Maine Montparnasse comme le monument d\u00e9test\u00e9 par les parisiens, alors qu\u2019une situation exceptionnelle, au coeur de la ville et parfaitement desservi est une opportunit\u00e9 pour un monument phare de port\u00e9e universelle. Le projet, hommage au g\u00e9nie d\u2019Eiffel qui lui fait face, ne se veut pas un discours didactique sur l\u2019avenir des tours \u00e0 Paris mais une r\u00e9ponse sensible, po\u00e9tique et r\u00e9aliste \u00e0 une probl\u00e9matique donn\u00e9e.<\/p>\n<p style=\"text-align: justify;\"><strong>Un po\u00e8me scientifique<\/strong><\/p>\n<p style=\"text-align: justify;\">La Tour Montparnasse \u00aeEvolution est constitu\u00e9e d\u2019un exosquelette d\u2019inox, de c\u00e2bles et de structures composites enveloppant la tour actuelle. C\u2019est une sculpture mobile, anim\u00e9e par les mouvements des ascenseurs, des \u00e9oliennes, du public dont les d\u00e9placements deviennent spectacle. Une parabole refl\u00e8te le soleil l\u2019hiver, illuminant les quartiers sans soleil, le parvis et la fa\u00e7ade de la gare. La hauteur m\u00eame du b\u00e2timent (444 m\u00e8tres) est variable, un ballon captif amenant par beau temps ses passagers dans le ciel de Paris.<\/p>\n<p style=\"text-align: justify;\"><strong>Une ode optimiste au futur<\/strong><\/p>\n<p style=\"text-align: justify;\">Cet extraordinaire espace ludique, promenade exceptionnelle le long des rampes et terrasses qui cerclent le b\u00e2timent, agr\u00e9ment\u00e9 par bars et restaurants est un regard sur le monde. Un mus\u00e9e de l\u2019univers, \u00e0 220 m d\u2019altitude, accueille des expositions temporaires et permanente.<\/p>\n<p style=\"text-align: justify;\"><strong>Un quartier redessin\u00e9<\/strong><\/p>\n<p style=\"text-align: justify;\">Le principal d\u00e9faut des tours fran\u00e7aises est leur rapport au sol, la complexit\u00e9 li\u00e9e aux multiples r\u00e9seaux qui les entourent ou qu\u2019elles recouvrent. En investissant le toit des Galeries Lafayette, une nouvelle place pi\u00e9tonne, jardin suspendu panoramique, est donn\u00e9e aux parisiens. Cela permettra une gestion facilit\u00e9e des flux de visiteurs et le d\u00e9veloppement des activit\u00e9s du quartier, fortement li\u00e9es au tourisme, \u00e0 la d\u00e9tente et \u00e0 la culture.<\/p>\n<p><a title=\"Blog tour maine-montparnasse\" href=\"http:\/\/web.archive.org\/web\/20141016073342\/http:\/\/tourmontparnasse.canalblog.com\/\" target=\"_blank\" rel=\"noopener\">http:\/\/tourmontparnasse.canalblog.com\/<\/a><\/p>\n<p><img loading=\"lazy\" decoding=\"async\" class=\" wp-image-66 alignleft\" src=\"http:\/\/dessusorav.cluster020.hosting.ovh.net\/site\/wp-content\/uploads\/2017\/02\/TMM.02.D.DESSUS.jpg\" alt=\"\" width=\"600\" height=\"938\" srcset=\"http:\/\/www.dessus.org\/site\/wp-content\/uploads\/2017\/02\/TMM.02.D.DESSUS.jpg 900w, http:\/\/www.dessus.org\/site\/wp-content\/uploads\/2017\/02\/TMM.02.D.DESSUS-192x300.jpg 192w, http:\/\/www.dessus.org\/site\/wp-content\/uploads\/2017\/02\/TMM.02.D.DESSUS-768x1201.jpg 768w, http:\/\/www.dessus.org\/site\/wp-content\/uploads\/2017\/02\/TMM.02.D.DESSUS-655x1024.jpg 655w\" sizes=\"(max-width: 600px) 100vw, 600px\" \/><\/p>\n<p><img loading=\"lazy\" decoding=\"async\" class=\" wp-image-68 alignleft\" src=\"http:\/\/dessusorav.cluster020.hosting.ovh.net\/site\/wp-content\/uploads\/2017\/02\/Loin-TMM2.0.jpg\" alt=\"\" width=\"601\" height=\"256\" srcset=\"http:\/\/www.dessus.org\/site\/wp-content\/uploads\/2017\/02\/Loin-TMM2.0.jpg 900w, http:\/\/www.dessus.org\/site\/wp-content\/uploads\/2017\/02\/Loin-TMM2.0-300x128.jpg 300w, http:\/\/www.dessus.org\/site\/wp-content\/uploads\/2017\/02\/Loin-TMM2.0-768x327.jpg 768w\" sizes=\"(max-width: 601px) 100vw, 601px\" \/><\/p>\n<p><img loading=\"lazy\" decoding=\"async\" class=\" wp-image-65 alignleft\" src=\"http:\/\/dessusorav.cluster020.hosting.ovh.net\/site\/wp-content\/uploads\/2017\/02\/S\u00daquenceTMM-2.0.jpg\" alt=\"\" width=\"600\" height=\"453\" srcset=\"http:\/\/www.dessus.org\/site\/wp-content\/uploads\/2017\/02\/S\u00daquenceTMM-2.0.jpg 900w, http:\/\/www.dessus.org\/site\/wp-content\/uploads\/2017\/02\/S\u00daquenceTMM-2.0-300x227.jpg 300w, http:\/\/www.dessus.org\/site\/wp-content\/uploads\/2017\/02\/S\u00daquenceTMM-2.0-768x580.jpg 768w\" sizes=\"(max-width: 600px) 100vw, 600px\" \/><\/p>\n<p><img loading=\"lazy\" decoding=\"async\" class=\"wp-image-67 alignleft\" src=\"http:\/\/dessusorav.cluster020.hosting.ovh.net\/site\/wp-content\/uploads\/2017\/02\/Globale2.jpg\" width=\"600\" height=\"1141\" srcset=\"http:\/\/www.dessus.org\/site\/wp-content\/uploads\/2017\/02\/Globale2.jpg 808w, http:\/\/www.dessus.org\/site\/wp-content\/uploads\/2017\/02\/Globale2-158x300.jpg 158w, http:\/\/www.dessus.org\/site\/wp-content\/uploads\/2017\/02\/Globale2-768x1460.jpg 768w, http:\/\/www.dessus.org\/site\/wp-content\/uploads\/2017\/02\/Globale2-539x1024.jpg 539w\" sizes=\"(max-width: 600px) 100vw, 600px\" \/><\/p>\n","protected":false},"excerpt":{"rendered":"<p>L\u2019architecte Denis DESSUS, apr\u00e8s avoir beaucoup \u00e9crit sur les tours et notamment les tours \u00e0 Paris, n\u2019a pas r\u00e9sist\u00e9 aux sondages pr\u00e9sentant la Tour Maine Montparnasse comme le monument d\u00e9test\u00e9 par les parisiens, alors qu\u2019une situation exceptionnelle, au coeur de la ville et parfaitement desservi est une opportunit\u00e9 pour un monument phare de port\u00e9e universelle. [&hellip;]<\/p>\n","protected":false},"author":1,"featured_media":66,"comment_status":"closed","ping_status":"closed","sticky":false,"template":"","format":"standard","meta":{"footnotes":""},"categories":[3],"tags":[],"_links":{"self":[{"href":"http:\/\/www.dessus.org\/site\/wp-json\/wp\/v2\/posts\/64"}],"collection":[{"href":"http:\/\/www.dessus.org\/site\/wp-json\/wp\/v2\/posts"}],"about":[{"href":"http:\/\/www.dessus.org\/site\/wp-json\/wp\/v2\/types\/post"}],"author":[{"embeddable":true,"href":"http:\/\/www.dessus.org\/site\/wp-json\/wp\/v2\/users\/1"}],"replies":[{"embeddable":true,"href":"http:\/\/www.dessus.org\/site\/wp-json\/wp\/v2\/comments?post=64"}],"version-history":[{"count":7,"href":"http:\/\/www.dessus.org\/site\/wp-json\/wp\/v2\/posts\/64\/revisions"}],"predecessor-version":[{"id":1683,"href":"http:\/\/www.dessus.org\/site\/wp-json\/wp\/v2\/posts\/64\/revisions\/1683"}],"wp:featuredmedia":[{"embeddable":true,"href":"http:\/\/www.dessus.org\/site\/wp-json\/wp\/v2\/media\/66"}],"wp:attachment":[{"href":"http:\/\/www.dessus.org\/site\/wp-json\/wp\/v2\/media?parent=64"}],"wp:term":[{"taxonomy":"category","embeddable":true,"href":"http:\/\/www.dessus.org\/site\/wp-json\/wp\/v2\/categories?post=64"},{"taxonomy":"post_tag","embeddable":true,"href":"http:\/\/www.dessus.org\/site\/wp-json\/wp\/v2\/tags?post=64"}],"curies":[{"name":"wp","href":"https:\/\/api.w.org\/{rel}","templated":true}]}}