
{"id":71,"date":"2017-02-14T14:35:22","date_gmt":"2017-02-14T13:35:22","guid":{"rendered":"http:\/\/dessusorav.cluster020.hosting.ovh.net\/site\/?p=71"},"modified":"2017-10-31T17:04:42","modified_gmt":"2017-10-31T16:04:42","slug":"groupe-scolaire-rene-cassin-privas-07","status":"publish","type":"post","link":"http:\/\/www.dessus.org\/site\/2017\/02\/14\/groupe-scolaire-rene-cassin-privas-07\/","title":{"rendered":"Groupe scolaire, Privas (07)"},"content":{"rendered":"<p><strong>Restructuration du groupe scolaire Ren\u00e9 Cassin \u00e0 Privas<\/strong><\/p>\n<p style=\"text-align: justify;\">Restructuration compl\u00e8te et extension r\u00e9alis\u00e9es en site occup\u00e9, ce complexe de 11 classes avec de multiples salles d\u2019activit\u00e9s et bureaux pr\u00e9serve et modernise le patrimoine b\u00e2ti de Privas.<\/p>\n<p style=\"text-align: justify;\">Une rampe, v\u00e9ritable rue centrale, dessert 7 niveaux diff\u00e9rents et \u00e9vite l\u2019utilisation d\u2019escaliers. Un restaurant scolaire compl\u00e8te l\u2019\u00e9quipement.<\/p>\n<p style=\"text-align: justify;\"><em>Architecte mandataire :<\/em> Denis DESSUS<\/p>\n<p style=\"text-align: justify;\"><img loading=\"lazy\" decoding=\"async\" class=\" wp-image-72 alignleft\" src=\"http:\/\/dessusorav.cluster020.hosting.ovh.net\/site\/wp-content\/uploads\/2017\/02\/photo-R.jpg\" alt=\"\" width=\"600\" height=\"598\" srcset=\"http:\/\/www.dessus.org\/site\/wp-content\/uploads\/2017\/02\/photo-R.jpg 539w, http:\/\/www.dessus.org\/site\/wp-content\/uploads\/2017\/02\/photo-R-125x125.jpg 125w, http:\/\/www.dessus.org\/site\/wp-content\/uploads\/2017\/02\/photo-R-300x300.jpg 300w\" sizes=\"(max-width: 600px) 100vw, 600px\" \/><\/p>\n","protected":false},"excerpt":{"rendered":"<p>Restructuration du groupe scolaire Ren\u00e9 Cassin \u00e0 Privas Restructuration compl\u00e8te et extension r\u00e9alis\u00e9es en site occup\u00e9, ce complexe de 11 classes avec de multiples salles d\u2019activit\u00e9s et bureaux pr\u00e9serve et modernise le patrimoine b\u00e2ti de Privas. Une rampe, v\u00e9ritable rue centrale, dessert 7 niveaux diff\u00e9rents et \u00e9vite l\u2019utilisation d\u2019escaliers. Un restaurant scolaire compl\u00e8te l\u2019\u00e9quipement. Architecte [&hellip;]<\/p>\n","protected":false},"author":1,"featured_media":72,"comment_status":"closed","ping_status":"closed","sticky":false,"template":"","format":"standard","meta":{"footnotes":""},"categories":[6],"tags":[],"_links":{"self":[{"href":"http:\/\/www.dessus.org\/site\/wp-json\/wp\/v2\/posts\/71"}],"collection":[{"href":"http:\/\/www.dessus.org\/site\/wp-json\/wp\/v2\/posts"}],"about":[{"href":"http:\/\/www.dessus.org\/site\/wp-json\/wp\/v2\/types\/post"}],"author":[{"embeddable":true,"href":"http:\/\/www.dessus.org\/site\/wp-json\/wp\/v2\/users\/1"}],"replies":[{"embeddable":true,"href":"http:\/\/www.dessus.org\/site\/wp-json\/wp\/v2\/comments?post=71"}],"version-history":[{"count":5,"href":"http:\/\/www.dessus.org\/site\/wp-json\/wp\/v2\/posts\/71\/revisions"}],"predecessor-version":[{"id":1262,"href":"http:\/\/www.dessus.org\/site\/wp-json\/wp\/v2\/posts\/71\/revisions\/1262"}],"wp:featuredmedia":[{"embeddable":true,"href":"http:\/\/www.dessus.org\/site\/wp-json\/wp\/v2\/media\/72"}],"wp:attachment":[{"href":"http:\/\/www.dessus.org\/site\/wp-json\/wp\/v2\/media?parent=71"}],"wp:term":[{"taxonomy":"category","embeddable":true,"href":"http:\/\/www.dessus.org\/site\/wp-json\/wp\/v2\/categories?post=71"},{"taxonomy":"post_tag","embeddable":true,"href":"http:\/\/www.dessus.org\/site\/wp-json\/wp\/v2\/tags?post=71"}],"curies":[{"name":"wp","href":"https:\/\/api.w.org\/{rel}","templated":true}]}}