
{"id":75,"date":"2017-02-14T14:36:50","date_gmt":"2017-02-14T13:36:50","guid":{"rendered":"http:\/\/dessusorav.cluster020.hosting.ovh.net\/site\/?p=75"},"modified":"2017-10-31T17:04:31","modified_gmt":"2017-10-31T16:04:31","slug":"residence-personnes-agees-st-maurice-lexil-38","status":"publish","type":"post","link":"http:\/\/www.dessus.org\/site\/2017\/02\/14\/residence-personnes-agees-st-maurice-lexil-38\/","title":{"rendered":"R\u00e9sidence personnes \u00e2g\u00e9es, St-Maurice-l\u2019Exil (38)"},"content":{"rendered":"<p><strong>Construction neuve d&rsquo;une r\u00e9sidence pour personnes \u00e2g\u00e9es \u00e0 Saint Maurice l&rsquo;Exil<\/strong><\/p>\n<p>Op\u00e9ration mixte compos\u00e9e d\u2019une r\u00e9sidence jour personnes \u00e2g\u00e9es, organis\u00e9e autour d\u2019un atrium vo\u00fbt\u00e9 centr\u00e9, et de logements locatifs adapt\u00e9s.<\/p>\n<p><em>Montant op\u00e9ration :<\/em> 2 000 000 \u20ac HT<\/p>\n<p><em>Ma\u00eetre d&rsquo;Ouvrage :<\/em> Commune + OPAC 38<br \/>\n<em>Architecte mandataire :<\/em>\u00a0GIACOMETTI &amp; AEA &#8211; <em>Architecte associ\u00e9 \/ conception :<\/em> Denis DESSUS<\/p>\n<p><em>Mission :<\/em> Base + EXE<br \/>\n<em>Surface :<\/em> 2 000 m\u00b2<br \/>\nLivraison 1998<\/p>\n<p><img loading=\"lazy\" decoding=\"async\" class=\" wp-image-76 alignleft\" src=\"http:\/\/dessusorav.cluster020.hosting.ovh.net\/site\/wp-content\/uploads\/2017\/02\/MdeR-St-Molexil.jpg\" alt=\"\" width=\"801\" height=\"528\" srcset=\"http:\/\/www.dessus.org\/site\/wp-content\/uploads\/2017\/02\/MdeR-St-Molexil.jpg 898w, http:\/\/www.dessus.org\/site\/wp-content\/uploads\/2017\/02\/MdeR-St-Molexil-300x198.jpg 300w, http:\/\/www.dessus.org\/site\/wp-content\/uploads\/2017\/02\/MdeR-St-Molexil-768x506.jpg 768w\" sizes=\"(max-width: 801px) 100vw, 801px\" \/><\/p>\n","protected":false},"excerpt":{"rendered":"<p>Construction neuve d&rsquo;une r\u00e9sidence pour personnes \u00e2g\u00e9es \u00e0 Saint Maurice l&rsquo;Exil Op\u00e9ration mixte compos\u00e9e d\u2019une r\u00e9sidence jour personnes \u00e2g\u00e9es, organis\u00e9e autour d\u2019un atrium vo\u00fbt\u00e9 centr\u00e9, et de logements locatifs adapt\u00e9s. Montant op\u00e9ration : 2 000 000 \u20ac HT Ma\u00eetre d&rsquo;Ouvrage : Commune + OPAC 38 Architecte mandataire :\u00a0GIACOMETTI &amp; AEA &#8211; Architecte associ\u00e9 \/ conception [&hellip;]<\/p>\n","protected":false},"author":1,"featured_media":76,"comment_status":"closed","ping_status":"closed","sticky":false,"template":"","format":"standard","meta":{"footnotes":""},"categories":[5],"tags":[],"_links":{"self":[{"href":"http:\/\/www.dessus.org\/site\/wp-json\/wp\/v2\/posts\/75"}],"collection":[{"href":"http:\/\/www.dessus.org\/site\/wp-json\/wp\/v2\/posts"}],"about":[{"href":"http:\/\/www.dessus.org\/site\/wp-json\/wp\/v2\/types\/post"}],"author":[{"embeddable":true,"href":"http:\/\/www.dessus.org\/site\/wp-json\/wp\/v2\/users\/1"}],"replies":[{"embeddable":true,"href":"http:\/\/www.dessus.org\/site\/wp-json\/wp\/v2\/comments?post=75"}],"version-history":[{"count":6,"href":"http:\/\/www.dessus.org\/site\/wp-json\/wp\/v2\/posts\/75\/revisions"}],"predecessor-version":[{"id":1261,"href":"http:\/\/www.dessus.org\/site\/wp-json\/wp\/v2\/posts\/75\/revisions\/1261"}],"wp:featuredmedia":[{"embeddable":true,"href":"http:\/\/www.dessus.org\/site\/wp-json\/wp\/v2\/media\/76"}],"wp:attachment":[{"href":"http:\/\/www.dessus.org\/site\/wp-json\/wp\/v2\/media?parent=75"}],"wp:term":[{"taxonomy":"category","embeddable":true,"href":"http:\/\/www.dessus.org\/site\/wp-json\/wp\/v2\/categories?post=75"},{"taxonomy":"post_tag","embeddable":true,"href":"http:\/\/www.dessus.org\/site\/wp-json\/wp\/v2\/tags?post=75"}],"curies":[{"name":"wp","href":"https:\/\/api.w.org\/{rel}","templated":true}]}}