
{"id":78,"date":"2017-02-14T14:38:11","date_gmt":"2017-02-14T13:38:11","guid":{"rendered":"http:\/\/dessusorav.cluster020.hosting.ovh.net\/site\/?p=78"},"modified":"2017-10-31T17:03:44","modified_gmt":"2017-10-31T16:03:44","slug":"residence-etudiante-guilherand-granges-07","status":"publish","type":"post","link":"http:\/\/www.dessus.org\/site\/2017\/02\/14\/residence-etudiante-guilherand-granges-07\/","title":{"rendered":"R\u00e9sidence \u00e9tudiante, Guilherand-Granges (07)"},"content":{"rendered":"<p style=\"text-align: justify;\">Cet \u00e9quipement structurant en forme de prao, compos\u00e9 de 122 appartements T1 ou T1bis, propose un niveau de prestations remarquable avec salle de musculation, d\u2019\u00e9tudes, de r\u00e9union, etc\u2026<\/p>\n<p style=\"text-align: justify;\">Les logements sont rafra\u00eechis et \u00e9quip\u00e9s de cuisine individuelle avec des terrasses ext\u00e9rieures privatives.<\/p>\n<p><em>Architecte mandataire :<\/em> Denis DESSUS &#8211; <em>Architecte associ\u00e9 :<\/em> Brunet &amp; D\u00e9age<\/p>\n<p style=\"text-align: justify;\"><img loading=\"lazy\" decoding=\"async\" class=\" wp-image-79 alignleft\" src=\"http:\/\/dessusorav.cluster020.hosting.ovh.net\/site\/wp-content\/uploads\/2017\/02\/nouvelle-vague.jpg\" alt=\"\" width=\"800\" height=\"530\" srcset=\"http:\/\/www.dessus.org\/site\/wp-content\/uploads\/2017\/02\/nouvelle-vague.jpg 794w, http:\/\/www.dessus.org\/site\/wp-content\/uploads\/2017\/02\/nouvelle-vague-300x199.jpg 300w, http:\/\/www.dessus.org\/site\/wp-content\/uploads\/2017\/02\/nouvelle-vague-768x509.jpg 768w\" sizes=\"(max-width: 800px) 100vw, 800px\" \/><\/p>\n","protected":false},"excerpt":{"rendered":"<p>Cet \u00e9quipement structurant en forme de prao, compos\u00e9 de 122 appartements T1 ou T1bis, propose un niveau de prestations remarquable avec salle de musculation, d\u2019\u00e9tudes, de r\u00e9union, etc\u2026 Les logements sont rafra\u00eechis et \u00e9quip\u00e9s de cuisine individuelle avec des terrasses ext\u00e9rieures privatives. Architecte mandataire : Denis DESSUS &#8211; Architecte associ\u00e9 : Brunet &amp; D\u00e9age<\/p>\n","protected":false},"author":1,"featured_media":79,"comment_status":"closed","ping_status":"closed","sticky":false,"template":"","format":"standard","meta":{"footnotes":""},"categories":[6],"tags":[],"_links":{"self":[{"href":"http:\/\/www.dessus.org\/site\/wp-json\/wp\/v2\/posts\/78"}],"collection":[{"href":"http:\/\/www.dessus.org\/site\/wp-json\/wp\/v2\/posts"}],"about":[{"href":"http:\/\/www.dessus.org\/site\/wp-json\/wp\/v2\/types\/post"}],"author":[{"embeddable":true,"href":"http:\/\/www.dessus.org\/site\/wp-json\/wp\/v2\/users\/1"}],"replies":[{"embeddable":true,"href":"http:\/\/www.dessus.org\/site\/wp-json\/wp\/v2\/comments?post=78"}],"version-history":[{"count":4,"href":"http:\/\/www.dessus.org\/site\/wp-json\/wp\/v2\/posts\/78\/revisions"}],"predecessor-version":[{"id":1260,"href":"http:\/\/www.dessus.org\/site\/wp-json\/wp\/v2\/posts\/78\/revisions\/1260"}],"wp:featuredmedia":[{"embeddable":true,"href":"http:\/\/www.dessus.org\/site\/wp-json\/wp\/v2\/media\/79"}],"wp:attachment":[{"href":"http:\/\/www.dessus.org\/site\/wp-json\/wp\/v2\/media?parent=78"}],"wp:term":[{"taxonomy":"category","embeddable":true,"href":"http:\/\/www.dessus.org\/site\/wp-json\/wp\/v2\/categories?post=78"},{"taxonomy":"post_tag","embeddable":true,"href":"http:\/\/www.dessus.org\/site\/wp-json\/wp\/v2\/tags?post=78"}],"curies":[{"name":"wp","href":"https:\/\/api.w.org\/{rel}","templated":true}]}}