
{"id":85,"date":"2017-02-14T14:42:03","date_gmt":"2017-02-14T13:42:03","guid":{"rendered":"http:\/\/dessusorav.cluster020.hosting.ovh.net\/site\/?p=85"},"modified":"2017-10-31T17:02:22","modified_gmt":"2017-10-31T16:02:22","slug":"batiment-psychiatrie-adulte-st-vallier-26","status":"publish","type":"post","link":"http:\/\/www.dessus.org\/site\/2017\/02\/14\/batiment-psychiatrie-adulte-st-vallier-26\/","title":{"rendered":"Services psychiatrie, St Vallier (26)"},"content":{"rendered":"<p><strong>Restructuration \/ extension des services de psychiatrie adulte et de p\u00e9dopsychiatrie \u00e0 l&rsquo;H\u00f4pital de Saint Vallier<\/strong><\/p>\n<p style=\"text-align: justify;\">Il s\u2019agit\u00a0 d\u2019une restructuration-extension d\u2019une cinquantaine de lits (30 lits en p\u00e9dopsychiatrie et 24 lits en psychiatrie adulte) sur deux niveaux. Consultations, urgences psychiatriques, chambres d\u2019isolement compl\u00e8tent l\u2019h\u00e9bergement et les espaces collectifs. Les jardins et l\u2019ensemble des locaux b\u00e9n\u00e9ficient d\u2019un environnement et d\u2019une vue exceptionnels.<\/p>\n<p><em>Montant op\u00e9ration :<\/em> 2 750 000 \u20ac HT<\/p>\n<p><em>Ma\u00eetre d&rsquo;Ouvrage :<\/em> Etablissement<br \/>\n<em>Architecte mandataire :<\/em> Denis DESSUS<br \/>\n<em>Ing\u00e9nierie g\u00e9n\u00e9rale :<\/em> SLETEC<\/p>\n<p><em>Mission :<\/em> Base + EXE + OPC<\/p>\n<p><em>Surface :<\/em> 2 900 m\u00b2<br \/>\nLivraison 2002 &amp; 2013<\/p>\n<p><img loading=\"lazy\" decoding=\"async\" class=\" wp-image-88 alignleft\" src=\"http:\/\/dessusorav.cluster020.hosting.ovh.net\/site\/wp-content\/uploads\/2017\/02\/St-Vallier-1.jpg\" alt=\"\" width=\"800\" height=\"600\" srcset=\"http:\/\/www.dessus.org\/site\/wp-content\/uploads\/2017\/02\/St-Vallier-1.jpg 907w, http:\/\/www.dessus.org\/site\/wp-content\/uploads\/2017\/02\/St-Vallier-1-300x225.jpg 300w, http:\/\/www.dessus.org\/site\/wp-content\/uploads\/2017\/02\/St-Vallier-1-768x576.jpg 768w\" sizes=\"(max-width: 800px) 100vw, 800px\" \/><\/p>\n<p><img loading=\"lazy\" decoding=\"async\" class=\" wp-image-87 alignleft\" src=\"http:\/\/dessusorav.cluster020.hosting.ovh.net\/site\/wp-content\/uploads\/2017\/02\/St-Vallier-4.jpg\" alt=\"\" width=\"800\" height=\"600\" srcset=\"http:\/\/www.dessus.org\/site\/wp-content\/uploads\/2017\/02\/St-Vallier-4.jpg 907w, http:\/\/www.dessus.org\/site\/wp-content\/uploads\/2017\/02\/St-Vallier-4-300x225.jpg 300w, http:\/\/www.dessus.org\/site\/wp-content\/uploads\/2017\/02\/St-Vallier-4-768x576.jpg 768w\" sizes=\"(max-width: 800px) 100vw, 800px\" \/><\/p>\n<p><img loading=\"lazy\" decoding=\"async\" class=\" wp-image-86 alignleft\" src=\"http:\/\/dessusorav.cluster020.hosting.ovh.net\/site\/wp-content\/uploads\/2017\/02\/St-Vallier-2.jpg\" alt=\"\" width=\"800\" height=\"541\" srcset=\"http:\/\/www.dessus.org\/site\/wp-content\/uploads\/2017\/02\/St-Vallier-2.jpg 907w, http:\/\/www.dessus.org\/site\/wp-content\/uploads\/2017\/02\/St-Vallier-2-300x203.jpg 300w, http:\/\/www.dessus.org\/site\/wp-content\/uploads\/2017\/02\/St-Vallier-2-768x519.jpg 768w\" sizes=\"(max-width: 800px) 100vw, 800px\" \/><\/p>\n","protected":false},"excerpt":{"rendered":"<p>Restructuration \/ extension des services de psychiatrie adulte et de p\u00e9dopsychiatrie \u00e0 l&rsquo;H\u00f4pital de Saint Vallier Il s\u2019agit\u00a0 d\u2019une restructuration-extension d\u2019une cinquantaine de lits (30 lits en p\u00e9dopsychiatrie et 24 lits en psychiatrie adulte) sur deux niveaux. Consultations, urgences psychiatriques, chambres d\u2019isolement compl\u00e8tent l\u2019h\u00e9bergement et les espaces collectifs. Les jardins et l\u2019ensemble des locaux b\u00e9n\u00e9ficient [&hellip;]<\/p>\n","protected":false},"author":1,"featured_media":88,"comment_status":"closed","ping_status":"closed","sticky":false,"template":"","format":"standard","meta":{"footnotes":""},"categories":[5],"tags":[],"_links":{"self":[{"href":"http:\/\/www.dessus.org\/site\/wp-json\/wp\/v2\/posts\/85"}],"collection":[{"href":"http:\/\/www.dessus.org\/site\/wp-json\/wp\/v2\/posts"}],"about":[{"href":"http:\/\/www.dessus.org\/site\/wp-json\/wp\/v2\/types\/post"}],"author":[{"embeddable":true,"href":"http:\/\/www.dessus.org\/site\/wp-json\/wp\/v2\/users\/1"}],"replies":[{"embeddable":true,"href":"http:\/\/www.dessus.org\/site\/wp-json\/wp\/v2\/comments?post=85"}],"version-history":[{"count":7,"href":"http:\/\/www.dessus.org\/site\/wp-json\/wp\/v2\/posts\/85\/revisions"}],"predecessor-version":[{"id":1258,"href":"http:\/\/www.dessus.org\/site\/wp-json\/wp\/v2\/posts\/85\/revisions\/1258"}],"wp:featuredmedia":[{"embeddable":true,"href":"http:\/\/www.dessus.org\/site\/wp-json\/wp\/v2\/media\/88"}],"wp:attachment":[{"href":"http:\/\/www.dessus.org\/site\/wp-json\/wp\/v2\/media?parent=85"}],"wp:term":[{"taxonomy":"category","embeddable":true,"href":"http:\/\/www.dessus.org\/site\/wp-json\/wp\/v2\/categories?post=85"},{"taxonomy":"post_tag","embeddable":true,"href":"http:\/\/www.dessus.org\/site\/wp-json\/wp\/v2\/tags?post=85"}],"curies":[{"name":"wp","href":"https:\/\/api.w.org\/{rel}","templated":true}]}}