
{"id":90,"date":"2017-02-14T14:43:47","date_gmt":"2017-02-14T13:43:47","guid":{"rendered":"http:\/\/dessusorav.cluster020.hosting.ovh.net\/site\/?p=90"},"modified":"2017-10-31T17:01:41","modified_gmt":"2017-10-31T16:01:41","slug":"maison-de-retraite-st-martin-dardeche-07","status":"publish","type":"post","link":"http:\/\/www.dessus.org\/site\/2017\/02\/14\/maison-de-retraite-st-martin-dardeche-07\/","title":{"rendered":"Maison de retraite, St-Martin-d\u2019Ard\u00e8che (07)"},"content":{"rendered":"<p style=\"text-align: justify;\">Op\u00e9ration de r\u00e9sidence pour personnes \u00e2g\u00e9es en financement logement social avec un niveau de prestations exceptionnelles : terrasses privatives, kitchenettes, piscine, salles de gymnastiques, de jeux, etc \u2026<\/p>\n<p style=\"text-align: justify;\">Avec son parc paysager, cette r\u00e9sidence de 116 lits a marqu\u00e9 une approche diff\u00e9rente et h\u00f4teli\u00e8re de l\u2019h\u00e9bergement des anciens.<\/p>\n<p><em>Ma\u00eetre d&rsquo;Ouvrage :<\/em> Etablissement<br \/>\n<em>Architecte mandataire :<\/em> Denis DESSUS<\/p>\n<p><img loading=\"lazy\" decoding=\"async\" class=\" wp-image-91 alignleft\" src=\"http:\/\/dessusorav.cluster020.hosting.ovh.net\/site\/wp-content\/uploads\/2017\/02\/St-Martin-2.jpg\" alt=\"\" width=\"800\" height=\"533\" srcset=\"http:\/\/www.dessus.org\/site\/wp-content\/uploads\/2017\/02\/St-Martin-2.jpg 902w, http:\/\/www.dessus.org\/site\/wp-content\/uploads\/2017\/02\/St-Martin-2-300x200.jpg 300w, http:\/\/www.dessus.org\/site\/wp-content\/uploads\/2017\/02\/St-Martin-2-768x512.jpg 768w\" sizes=\"(max-width: 800px) 100vw, 800px\" \/><\/p>\n<p style=\"text-align: justify;\">\n","protected":false},"excerpt":{"rendered":"<p>Op\u00e9ration de r\u00e9sidence pour personnes \u00e2g\u00e9es en financement logement social avec un niveau de prestations exceptionnelles : terrasses privatives, kitchenettes, piscine, salles de gymnastiques, de jeux, etc \u2026 Avec son parc paysager, cette r\u00e9sidence de 116 lits a marqu\u00e9 une approche diff\u00e9rente et h\u00f4teli\u00e8re de l\u2019h\u00e9bergement des anciens. Ma\u00eetre d&rsquo;Ouvrage : Etablissement Architecte mandataire : [&hellip;]<\/p>\n","protected":false},"author":1,"featured_media":91,"comment_status":"closed","ping_status":"closed","sticky":false,"template":"","format":"standard","meta":{"footnotes":""},"categories":[5],"tags":[],"_links":{"self":[{"href":"http:\/\/www.dessus.org\/site\/wp-json\/wp\/v2\/posts\/90"}],"collection":[{"href":"http:\/\/www.dessus.org\/site\/wp-json\/wp\/v2\/posts"}],"about":[{"href":"http:\/\/www.dessus.org\/site\/wp-json\/wp\/v2\/types\/post"}],"author":[{"embeddable":true,"href":"http:\/\/www.dessus.org\/site\/wp-json\/wp\/v2\/users\/1"}],"replies":[{"embeddable":true,"href":"http:\/\/www.dessus.org\/site\/wp-json\/wp\/v2\/comments?post=90"}],"version-history":[{"count":4,"href":"http:\/\/www.dessus.org\/site\/wp-json\/wp\/v2\/posts\/90\/revisions"}],"predecessor-version":[{"id":1257,"href":"http:\/\/www.dessus.org\/site\/wp-json\/wp\/v2\/posts\/90\/revisions\/1257"}],"wp:featuredmedia":[{"embeddable":true,"href":"http:\/\/www.dessus.org\/site\/wp-json\/wp\/v2\/media\/91"}],"wp:attachment":[{"href":"http:\/\/www.dessus.org\/site\/wp-json\/wp\/v2\/media?parent=90"}],"wp:term":[{"taxonomy":"category","embeddable":true,"href":"http:\/\/www.dessus.org\/site\/wp-json\/wp\/v2\/categories?post=90"},{"taxonomy":"post_tag","embeddable":true,"href":"http:\/\/www.dessus.org\/site\/wp-json\/wp\/v2\/tags?post=90"}],"curies":[{"name":"wp","href":"https:\/\/api.w.org\/{rel}","templated":true}]}}